{"id":71049,"date":"2018-11-05T13:20:20","date_gmt":"2018-11-05T16:20:20","guid":{"rendered":"http:\/\/www.caririemacao.com\/1\/?p=71049"},"modified":"2018-11-05T13:20:20","modified_gmt":"2018-11-05T16:20:20","slug":"onyx-lorenzoni-e-nomeado-ministro-extraordinario-para-chefiar-transicao","status":"publish","type":"post","link":"https:\/\/www.caririemacao.com\/1\/2018\/11\/05\/onyx-lorenzoni-e-nomeado-ministro-extraordinario-para-chefiar-transicao\/","title":{"rendered":"Onyx Lorenzoni \u00e9 nomeado ministro extraordin\u00e1rio para chefiar transi\u00e7\u00e3o"},"content":{"rendered":"<p>O deputado federal Onyx Lorenzoni (DEM-RS) foi nomeado, nesta segunda-feira (5), ministro extraordin\u00e1rio do governo de transi\u00e7\u00e3o do presidente eleito Jair Bolsonaro (PSL). A nomea\u00e7\u00e3o, assinada pelo presidente Michel Temer e o ministro Eliseu Padilha, foi publicada na edi\u00e7\u00e3o desta segunda do \u201cDi\u00e1rio Oficial da Uni\u00e3o\u201d.<\/p>\n<p>Um dos principais articuladores da candidatura de Bolsonaro e um dos coordenadores da campanha, Onyx Lorenzoni j\u00e1 foi anunciado pelo presidente eleito como futuro chefe da Casa Civil.<\/p>\n<p>Desde que Bolsonaro venceu a elei\u00e7\u00e3o presidencial no \u00faltimo domingo (28), Onyx passou a comandar o processo de transi\u00e7\u00e3o do novo governo. Na \u00faltima semana, ele se reuniu quase diariamente com o presidente eleito no Rio de Janeiro, onde Bolsonaro reside com a fam\u00edlia.<\/p>\n<p>O futuro presidente poder\u00e1 indicar at\u00e9 50 pessoas para cargos tempor\u00e1rios na equipe de transi\u00e7\u00e3o. Entre esses nomes est\u00e1 o de Onyx Lorenzoni, que se licenciar\u00e1 do mandato de deputado a partir do ano que vem para assumir o comando da Casa Civil.<\/p>\n<p>Transi\u00e7\u00e3o<br \/>\nA equipe de transi\u00e7\u00e3o de Bolsonaro passar\u00e1 a despachar, a partir desta segunda-feira, na sede do Centro Cultural Banco do Brasil (CCBB) em Bras\u00edlia. S\u00e3o 22 gabinetes para a equipe do presidente eleito, al\u00e9m de sala de reuni\u00f5es e audit\u00f3rio.<\/p>\n<p>Bolsonaro confirmou que vai a Bras\u00edlia nesta ter\u00e7a-feira (6). Na quarta (7), o presidente eleito vai encontrar o presidente Michel Temer.<\/p>\n<p>Os minist\u00e9rios de Temer abasteceram um sistema eletr\u00f4nico com informa\u00e7\u00f5es gerais e sigilosas para a nova equipe. Os integrantes ter\u00e3o acesso \u00e0s contas, programas e projetos do governo federal e v\u00e3o mergulhar nos n\u00fameros. Eles tamb\u00e9m receber\u00e3o celulares para acessar o sistema \u201cgoverna\u201d.<\/p>\n<p>Em publica\u00e7\u00e3o no Twitter, na manh\u00e3 desta segunda-feira (5), o presidente eleito ressaltou que o governo de transi\u00e7\u00e3o ter\u00e1 acesso a n\u00fameros e informa\u00e7\u00f5es que ser\u00e3o \u201cpassadas aos brasileiros\u201d.<\/p>\n<p>Novo minist\u00e9rio<br \/>\nVeja quem s\u00e3o os cinco ministros que j\u00e1 foram anunciados pelo presidente eleito:<\/p>\n<p>Onyx Lorenzoni (Casa Civil)<br \/>\nPaulo Guedes (Economia)<br \/>\nGeneral Augusto Heleno (Defesa)<br \/>\nMarcos Pontes (Ci\u00eancia e Tecnologia)<br \/>\nS\u00e9rgio Moro (Justi\u00e7a e Seguran\u00e7a P\u00fablica)<\/p>\n<p>&nbsp;<\/p>\n<p>G1<\/p>\n","protected":false},"excerpt":{"rendered":"<p>O deputado federal Onyx Lorenzoni (DEM-RS) foi nomeado, nesta segunda-feira (5), ministro extraordin\u00e1rio do governo de transi\u00e7\u00e3o do presidente eleito Jair Bolsonaro (PSL). A nomea\u00e7\u00e3o,&hellip; <\/p>\n","protected":false},"author":1,"featured_media":71050,"comment_status":"closed","ping_status":"closed","sticky":false,"template":"","format":"standard","meta":{"sfsi_plus_gutenberg_text_before_share":"","sfsi_plus_gutenberg_show_text_before_share":"","sfsi_plus_gutenberg_icon_type":"","sfsi_plus_gutenberg_icon_alignemt":"","sfsi_plus_gutenburg_max_per_row":"","footnotes":""},"categories":[1],"tags":[],"class_list":["post-71049","post","type-post","status-publish","format-standard","has-post-thumbnail","hentry","category-o-site"],"_links":{"self":[{"href":"https:\/\/www.caririemacao.com\/1\/wp-json\/wp\/v2\/posts\/71049","targetHints":{"allow":["GET"]}}],"collection":[{"href":"https:\/\/www.caririemacao.com\/1\/wp-json\/wp\/v2\/posts"}],"about":[{"href":"https:\/\/www.caririemacao.com\/1\/wp-json\/wp\/v2\/types\/post"}],"author":[{"embeddable":true,"href":"https:\/\/www.caririemacao.com\/1\/wp-json\/wp\/v2\/users\/1"}],"replies":[{"embeddable":true,"href":"https:\/\/www.caririemacao.com\/1\/wp-json\/wp\/v2\/comments?post=71049"}],"version-history":[{"count":1,"href":"https:\/\/www.caririemacao.com\/1\/wp-json\/wp\/v2\/posts\/71049\/revisions"}],"predecessor-version":[{"id":71051,"href":"https:\/\/www.caririemacao.com\/1\/wp-json\/wp\/v2\/posts\/71049\/revisions\/71051"}],"wp:featuredmedia":[{"embeddable":true,"href":"https:\/\/www.caririemacao.com\/1\/wp-json\/wp\/v2\/media\/71050"}],"wp:attachment":[{"href":"https:\/\/www.caririemacao.com\/1\/wp-json\/wp\/v2\/media?parent=71049"}],"wp:term":[{"taxonomy":"category","embeddable":true,"href":"https:\/\/www.caririemacao.com\/1\/wp-json\/wp\/v2\/categories?post=71049"},{"taxonomy":"post_tag","embeddable":true,"href":"https:\/\/www.caririemacao.com\/1\/wp-json\/wp\/v2\/tags?post=71049"}],"curies":[{"name":"wp","href":"https:\/\/api.w.org\/{rel}","templated":true}]}}