{"id":71053,"date":"2018-11-05T13:41:41","date_gmt":"2018-11-05T16:41:41","guid":{"rendered":"http:\/\/www.caririemacao.com\/1\/?p=71053"},"modified":"2018-11-05T13:43:02","modified_gmt":"2018-11-05T16:43:02","slug":"populacao-de-monteiro-conta-com-novo-equipamento-na-area-da-saude","status":"publish","type":"post","link":"https:\/\/www.caririemacao.com\/1\/2018\/11\/05\/populacao-de-monteiro-conta-com-novo-equipamento-na-area-da-saude\/","title":{"rendered":"Popula\u00e7\u00e3o de Monteiro conta com novo equipamento na \u00e1rea da Sa\u00fade"},"content":{"rendered":"<p>A luta contra o c\u00e2ncer de mama ganha mais um refor\u00e7o na cidade de Monteiro que desde a semana passada conta com um novo mam\u00f3grafo na Rede Municipal de Sa\u00fade, ampliando com isso, a oferta de exames gratuitos de mamografias, essenciais para detectar sinais iniciais do c\u00e2ncer na mama.<br \/>\nO equipamento teve o custo de R$240 mil reais e foi adquirido atrav\u00e9s de uma emenda parlamentar do Senador C\u00e1ssio Cunha Lima e vai facilitar o acesso dos exames de mamografia para as mulheres de Monteiro assim como de outras cidades da regi\u00e3o do Cariri.<br \/>\nO novo aparelho funcionar\u00e1 no Centro de Aten\u00e7\u00e3o \u00e0 Sa\u00fade da Mulher no centro da cidade, e atender\u00e1 os agendamentos feitos pela Central Municipal de Marca\u00e7\u00e3o. Atualmente o servi\u00e7o \u00e9 ofertado pela rede credenciada, conveniada ao SUS.<br \/>\nA chegada do mam\u00f3grafo faz parte de uma grande mobiliza\u00e7\u00e3o da prefeita Anna Lorena pela preven\u00e7\u00e3o e diagn\u00f3stico precoce do c\u00e2ncer de mama, complementando as a\u00e7\u00f5es j\u00e1 desempenhadas pela Sa\u00fade Municipal.<br \/>\nDe acordo com a prefeita Anna Lorena, a chegada do mam\u00f3grafo tem um forte impacto positivo no munic\u00edpio e nas cidades vizinhas. \u201cO Centro da Mulher passa a ser refer\u00eancia em mamografia na regi\u00e3o do Cariri, pois \u00e9 oferecida de forma gratuita\u201d, e ainda salientou: \u201cEsta \u00e9 mais uma conquista, \u00e9 mais uma garantia de luta pela vida. O mam\u00f3grafo \u00e9 de fundamental import\u00e2ncia, pois ele \u00e9 o principal exame para o diagn\u00f3stico precoce do c\u00e2ncer de mama\u201d.<br \/>\n\u201cO novo mam\u00f3grafo \u00e9 um grande avan\u00e7o para o munic\u00edpio. Teremos a oportunidade de aumentar a oferta e n\u00e3o permitir que se formem filas. Este exame \u00e9 fundamental para detectar altera\u00e7\u00f5es na gl\u00e2ndula mamaria e com isso, diagnosticar n\u00f3dulos. Quando o tratamento do c\u00e2ncer de mama \u00e9 iniciado cedo, as chances de cura s\u00e3o de mais de 90%\u201d, garante a secret\u00e1ria Sa\u00fade, Ana Paula Oliveira.<br \/>\nDurante todo m\u00eas de outubro, a campanha municipal do Outubro Rosa promoveu diversas a\u00e7\u00f5es voltadas \u00e0 informa\u00e7\u00e3o, diagn\u00f3stico e tratamento da doen\u00e7a.<\/p>\n<p>Ascom\/Monteiro<\/p>\n","protected":false},"excerpt":{"rendered":"<p>A luta contra o c\u00e2ncer de mama ganha mais um refor\u00e7o na cidade de Monteiro que desde a semana passada conta com um novo mam\u00f3grafo&hellip; <\/p>\n","protected":false},"author":1,"featured_media":71061,"comment_status":"closed","ping_status":"closed","sticky":false,"template":"","format":"standard","meta":{"sfsi_plus_gutenberg_text_before_share":"","sfsi_plus_gutenberg_show_text_before_share":"","sfsi_plus_gutenberg_icon_type":"","sfsi_plus_gutenberg_icon_alignemt":"","sfsi_plus_gutenburg_max_per_row":"","footnotes":""},"categories":[16],"tags":[],"class_list":["post-71053","post","type-post","status-publish","format-standard","has-post-thumbnail","hentry","category-saude"],"_links":{"self":[{"href":"https:\/\/www.caririemacao.com\/1\/wp-json\/wp\/v2\/posts\/71053","targetHints":{"allow":["GET"]}}],"collection":[{"href":"https:\/\/www.caririemacao.com\/1\/wp-json\/wp\/v2\/posts"}],"about":[{"href":"https:\/\/www.caririemacao.com\/1\/wp-json\/wp\/v2\/types\/post"}],"author":[{"embeddable":true,"href":"https:\/\/www.caririemacao.com\/1\/wp-json\/wp\/v2\/users\/1"}],"replies":[{"embeddable":true,"href":"https:\/\/www.caririemacao.com\/1\/wp-json\/wp\/v2\/comments?post=71053"}],"version-history":[{"count":2,"href":"https:\/\/www.caririemacao.com\/1\/wp-json\/wp\/v2\/posts\/71053\/revisions"}],"predecessor-version":[{"id":71063,"href":"https:\/\/www.caririemacao.com\/1\/wp-json\/wp\/v2\/posts\/71053\/revisions\/71063"}],"wp:featuredmedia":[{"embeddable":true,"href":"https:\/\/www.caririemacao.com\/1\/wp-json\/wp\/v2\/media\/71061"}],"wp:attachment":[{"href":"https:\/\/www.caririemacao.com\/1\/wp-json\/wp\/v2\/media?parent=71053"}],"wp:term":[{"taxonomy":"category","embeddable":true,"href":"https:\/\/www.caririemacao.com\/1\/wp-json\/wp\/v2\/categories?post=71053"},{"taxonomy":"post_tag","embeddable":true,"href":"https:\/\/www.caririemacao.com\/1\/wp-json\/wp\/v2\/tags?post=71053"}],"curies":[{"name":"wp","href":"https:\/\/api.w.org\/{rel}","templated":true}]}}