{"id":71064,"date":"2018-11-05T13:46:40","date_gmt":"2018-11-05T16:46:40","guid":{"rendered":"http:\/\/www.caririemacao.com\/1\/?p=71064"},"modified":"2018-11-05T13:46:40","modified_gmt":"2018-11-05T16:46:40","slug":"prefeitura-de-monteiro-cria-projeto-que-vai-alavancar-a-producao-e-venda-de-ovos-caipiras","status":"publish","type":"post","link":"https:\/\/www.caririemacao.com\/1\/2018\/11\/05\/prefeitura-de-monteiro-cria-projeto-que-vai-alavancar-a-producao-e-venda-de-ovos-caipiras\/","title":{"rendered":"Prefeitura de Monteiro cria projeto que vai alavancar a produ\u00e7\u00e3o e venda de ovos caipiras"},"content":{"rendered":"<p>A Prefeitura de Monteiro, atrav\u00e9s da Secretaria Municipal de Agricultura, est\u00e1 com um projeto de para incentivar a produ\u00e7\u00e3o e comercializa\u00e7\u00e3o de ovos de capoeira.<br \/>\nO intuito \u00e9 principalmente a contribui\u00e7\u00e3o para a diversifica\u00e7\u00e3o produtiva nas pequenas propriedades, gerando mais renda no campo, atrav\u00e9s da venda dos ovos de capoeira. O assunto foi tema de uma reuni\u00e3o t\u00e9cnica no \u00faltimo s\u00e1bado, 03, com os maiores criadores da regi\u00e3o, com o intuito de elaborar um plano de neg\u00f3cios que proporcione uma produ\u00e7\u00e3o uniforme, ativa\u00e7\u00e3o do entreposto de ovos e comercializa\u00e7\u00e3o atrav\u00e9s da Coopeaves ou parceria com uma empresa privada.<br \/>\nSegundo o secret\u00e1rio de Agricultura, Alfredo Viana, existe demanda para a compra de ovos caipiras n\u00e3o s\u00f3 em Monteiro, mas em toda a regi\u00e3o do Cariri, mas atualmente, de forma ainda t\u00edmida, os produtores fazem vendas isoladas, em supermercados e padarias da regi\u00e3o.<br \/>\n\u201cEsta \u00e9 uma oportunidade para o produtor vender sua produ\u00e7\u00e3o para mercados, na pr\u00f3pria feira semanal e at\u00e9 quem sabe para a merenda escolar municipal e estadual. Al\u00e9m disso, a pr\u00e1tica n\u00e3o depende de fatores clim\u00e1ticos, equipamentos sofisticados e grande espa\u00e7o de terra, uma facilidade para o agricultor familiar\u201d, aponta.<br \/>\nO Secret\u00e1rio Alfredo Viana ainda destaca a import\u00e2ncia da atividade, dos benef\u00edcios desse tipo de alimento para a sa\u00fade dos consumidores, al\u00e9m da gera\u00e7\u00e3o de emprego e renda para regi\u00e3o.<br \/>\nSegundo Alfredo Viana, a Secretaria de Agricultura realizar\u00e1 outras reuni\u00f5es onde ser\u00e3o apresentados v\u00e1rios pontos relativos a esta iniciativa.<\/p>\n<p>Ascom\/Monteiro<\/p>\n","protected":false},"excerpt":{"rendered":"<p>A Prefeitura de Monteiro, atrav\u00e9s da Secretaria Municipal de Agricultura, est\u00e1 com um projeto de para incentivar a produ\u00e7\u00e3o e comercializa\u00e7\u00e3o de ovos de capoeira.&hellip; <\/p>\n","protected":false},"author":1,"featured_media":71065,"comment_status":"closed","ping_status":"closed","sticky":false,"template":"","format":"standard","meta":{"sfsi_plus_gutenberg_text_before_share":"","sfsi_plus_gutenberg_show_text_before_share":"","sfsi_plus_gutenberg_icon_type":"","sfsi_plus_gutenberg_icon_alignemt":"","sfsi_plus_gutenburg_max_per_row":"","footnotes":""},"categories":[6],"tags":[],"class_list":["post-71064","post","type-post","status-publish","format-standard","has-post-thumbnail","hentry","category-cidades"],"_links":{"self":[{"href":"https:\/\/www.caririemacao.com\/1\/wp-json\/wp\/v2\/posts\/71064","targetHints":{"allow":["GET"]}}],"collection":[{"href":"https:\/\/www.caririemacao.com\/1\/wp-json\/wp\/v2\/posts"}],"about":[{"href":"https:\/\/www.caririemacao.com\/1\/wp-json\/wp\/v2\/types\/post"}],"author":[{"embeddable":true,"href":"https:\/\/www.caririemacao.com\/1\/wp-json\/wp\/v2\/users\/1"}],"replies":[{"embeddable":true,"href":"https:\/\/www.caririemacao.com\/1\/wp-json\/wp\/v2\/comments?post=71064"}],"version-history":[{"count":1,"href":"https:\/\/www.caririemacao.com\/1\/wp-json\/wp\/v2\/posts\/71064\/revisions"}],"predecessor-version":[{"id":71066,"href":"https:\/\/www.caririemacao.com\/1\/wp-json\/wp\/v2\/posts\/71064\/revisions\/71066"}],"wp:featuredmedia":[{"embeddable":true,"href":"https:\/\/www.caririemacao.com\/1\/wp-json\/wp\/v2\/media\/71065"}],"wp:attachment":[{"href":"https:\/\/www.caririemacao.com\/1\/wp-json\/wp\/v2\/media?parent=71064"}],"wp:term":[{"taxonomy":"category","embeddable":true,"href":"https:\/\/www.caririemacao.com\/1\/wp-json\/wp\/v2\/categories?post=71064"},{"taxonomy":"post_tag","embeddable":true,"href":"https:\/\/www.caririemacao.com\/1\/wp-json\/wp\/v2\/tags?post=71064"}],"curies":[{"name":"wp","href":"https:\/\/api.w.org\/{rel}","templated":true}]}}