{"id":71074,"date":"2018-11-05T15:01:16","date_gmt":"2018-11-05T18:01:16","guid":{"rendered":"http:\/\/www.caririemacao.com\/1\/?p=71074"},"modified":"2018-11-05T15:01:16","modified_gmt":"2018-11-05T18:01:16","slug":"defesa-de-lula-faz-novo-pedido-de-liberdade-citando-suspeicao-de-moro","status":"publish","type":"post","link":"https:\/\/www.caririemacao.com\/1\/2018\/11\/05\/defesa-de-lula-faz-novo-pedido-de-liberdade-citando-suspeicao-de-moro\/","title":{"rendered":"Defesa de Lula faz novo pedido de liberdade, citando suspei\u00e7\u00e3o de Moro"},"content":{"rendered":"<div class=\"ads-980-100 hidden-sm hidden-md hidden-lg\">\n<div class=\"container-fluid\">\n<div class=\"row\">\n<div class=\"col-xs-12 col-sm-12 col-md-12 col-lg-12\"><\/div>\n<\/div>\n<\/div>\n<\/div>\n<div class=\"content\">\n<p>A defesa do ex-presidente Luiz In\u00e1cio Lula da Silva entrou com um novo pedido de liberdade no Supremo Tribunal Federal (STF), argumentando que a ida do juiz Sergio Moro para o governo do presidente eleito Jair Bolsonaro demonstra parcialidade do magistrado e tamb\u00e9m que ele agiu \u201cpoliticamente\u201d.<\/p>\n<p>Os advogados de Lula querem que seja reconhecida a suspei\u00e7\u00e3o de Moro para julgar processos contra o ex-presidente e que sejam considerados nulos todos os atos processuais que resultaram na condena\u00e7\u00e3o no caso do tr\u00edplex do Guaruj\u00e1 (SP).<\/p>\n<p>O pedido ainda requer que sejam suspensas outras a\u00e7\u00f5es penais contra Lula que estavam sob a responsabilidade de Moro, como as que tratam de suposto favorecimento por meio da reforma de um s\u00edtio em Atibaia (SP) e de supostas propinas da empresa Odebrecht. Nesta \u00faltima, o depoimento do ex-presidente est\u00e1 marcado para 14 de novembro.<\/p>\n<p>\u201cLula est\u00e1 sendo v\u00edtima de verdadeira ca\u00e7ada judicial entabulada por um agente togado que se utilizou indevidamente de expedientes jur\u00eddicos para perseguir politicamente um cidad\u00e3o, buscando nulificar, uma a uma, suas liberdades e seus direitos\u201d, afirmam os advogados.<\/p>\n<div id=\"attachment_501469\" class=\"wp-caption aligncenter\"><img decoding=\"async\" class=\"wp-image-501469 size-medium lazyloaded\" src=\"https:\/\/paraibaonline.com.br\/wp-content\/uploads\/2018\/09\/lula-1-567x320.jpg\" sizes=\"(max-width: 567px) 100vw, 567px\" srcset=\"https:\/\/paraibaonline.com.br\/wp-content\/uploads\/2018\/09\/lula-1-567x320.jpg 567w, https:\/\/paraibaonline.com.br\/wp-content\/uploads\/2018\/09\/lula-1.jpg 800w\" alt=\"Foto: Reprodu\u00e7\u00e3o\" data-lazy-src=\"https:\/\/paraibaonline.com.br\/wp-content\/uploads\/2018\/09\/lula-1-567x320.jpg\" data-lazy-srcset=\"https:\/\/paraibaonline.com.br\/wp-content\/uploads\/2018\/09\/lula-1-567x320.jpg 567w, https:\/\/paraibaonline.com.br\/wp-content\/uploads\/2018\/09\/lula-1.jpg 800w\" data-lazy-sizes=\"(max-width: 567px) 100vw, 567px\" data-was-processed=\"true\" \/><\/p>\n<p class=\"wp-caption-text\">Foto: Reprodu\u00e7\u00e3o<\/p>\n<\/div>\n<p>Ao pedir pela liberdade de Lula, os advogados afirmam ainda que o Supremo deve ser imune a press\u00f5es externas resultantes do clamor popular. \u201cA Hist\u00f3ria (em mai\u00fasculo) n\u00e3o acaba em 2018. Ju\u00edzes justiceiros v\u00eam e v\u00e3o. O Supremo Tribunal Federal permanece\u201d, escreveram os advogados.<\/p>\n<p>A defesa cita ao menos 33 atos de Moro que demonstrariam sua parcialidade para julgar Lula, entre eles a divulga\u00e7\u00e3o da dela\u00e7\u00e3o premiada do ex-ministro da Fazenda Antonio Palocci, cujo sigilo foi retirado pelo juiz a poucos dias do primeiro turno das elei\u00e7\u00f5es deste ano. Caber\u00e1 a relator, ministro Edson Fachin, decidir se os argumentos justificam a soltura do ex-presidente.<\/p>\n<p>Nesta segunda-feira, Moro saiu de f\u00e9rias, ap\u00f3s ter aceitado, na semana passada, assumir o Minist\u00e9rio da Justi\u00e7a no governo Bolsonaro. O magistrado j\u00e1 se afastou de todos os casos da Lava Jato, que s\u00e3o assumidos interinamente pela ju\u00edza substituta da 13\u00aa Vara Federal de Curitiba, Gabriela Hardt.<\/p>\n<p>Lula est\u00e1 preso desde 7 de abril na Superintend\u00eancia da Pol\u00edcia Federal em Curitiba, ap\u00f3s ter sua condena\u00e7\u00e3o confirmada pelo Tribunal Regional Federal 4\u00aa Regi\u00e3o (TRF4), que imp\u00f4s pena de 12 anos e um m\u00eas de pris\u00e3o ao ex-presidente, pelos crimes de corrup\u00e7\u00e3o passiva e lavagem de dinheiro.<\/p>\n<p>Ag\u00eancia Brasil<\/p>\n<\/div>\n","protected":false},"excerpt":{"rendered":"<p>A defesa do ex-presidente Luiz In\u00e1cio Lula da Silva entrou com um novo pedido de liberdade no Supremo Tribunal Federal (STF), argumentando que a ida&hellip; <\/p>\n","protected":false},"author":1,"featured_media":37073,"comment_status":"closed","ping_status":"closed","sticky":false,"template":"","format":"standard","meta":{"sfsi_plus_gutenberg_text_before_share":"","sfsi_plus_gutenberg_show_text_before_share":"","sfsi_plus_gutenberg_icon_type":"","sfsi_plus_gutenberg_icon_alignemt":"","sfsi_plus_gutenburg_max_per_row":"","footnotes":""},"categories":[11],"tags":[],"class_list":["post-71074","post","type-post","status-publish","format-standard","has-post-thumbnail","hentry","category-politica"],"_links":{"self":[{"href":"https:\/\/www.caririemacao.com\/1\/wp-json\/wp\/v2\/posts\/71074","targetHints":{"allow":["GET"]}}],"collection":[{"href":"https:\/\/www.caririemacao.com\/1\/wp-json\/wp\/v2\/posts"}],"about":[{"href":"https:\/\/www.caririemacao.com\/1\/wp-json\/wp\/v2\/types\/post"}],"author":[{"embeddable":true,"href":"https:\/\/www.caririemacao.com\/1\/wp-json\/wp\/v2\/users\/1"}],"replies":[{"embeddable":true,"href":"https:\/\/www.caririemacao.com\/1\/wp-json\/wp\/v2\/comments?post=71074"}],"version-history":[{"count":1,"href":"https:\/\/www.caririemacao.com\/1\/wp-json\/wp\/v2\/posts\/71074\/revisions"}],"predecessor-version":[{"id":71075,"href":"https:\/\/www.caririemacao.com\/1\/wp-json\/wp\/v2\/posts\/71074\/revisions\/71075"}],"wp:featuredmedia":[{"embeddable":true,"href":"https:\/\/www.caririemacao.com\/1\/wp-json\/wp\/v2\/media\/37073"}],"wp:attachment":[{"href":"https:\/\/www.caririemacao.com\/1\/wp-json\/wp\/v2\/media?parent=71074"}],"wp:term":[{"taxonomy":"category","embeddable":true,"href":"https:\/\/www.caririemacao.com\/1\/wp-json\/wp\/v2\/categories?post=71074"},{"taxonomy":"post_tag","embeddable":true,"href":"https:\/\/www.caririemacao.com\/1\/wp-json\/wp\/v2\/tags?post=71074"}],"curies":[{"name":"wp","href":"https:\/\/api.w.org\/{rel}","templated":true}]}}