{"id":71076,"date":"2018-11-05T15:07:31","date_gmt":"2018-11-05T18:07:31","guid":{"rendered":"http:\/\/www.caririemacao.com\/1\/?p=71076"},"modified":"2018-11-05T15:07:31","modified_gmt":"2018-11-05T18:07:31","slug":"joao-azevedo-inicia-formacao-de-equipe-de-transicao-de-governo-confira-nomes","status":"publish","type":"post","link":"https:\/\/www.caririemacao.com\/1\/2018\/11\/05\/joao-azevedo-inicia-formacao-de-equipe-de-transicao-de-governo-confira-nomes\/","title":{"rendered":"Jo\u00e3o Azev\u00eado inicia forma\u00e7\u00e3o de equipe de transi\u00e7\u00e3o de governo; confira nomes"},"content":{"rendered":"<p>O governador eleito Jo\u00e3o Azev\u00eado (PSB), ao que tudo indica, j\u00e1 tem cinco nomes para integrar sua equipe de transi\u00e7\u00e3o. Seriam Waldson Souza, Gilberto Carneiro, Amanda Ara\u00fajo, Deusdete Queiroga e Nonato Bandeira.<\/p>\n<p>Quatro nomes j\u00e1 comp\u00f5em o atual governo, a exce\u00e7\u00e3o \u00e9 Nonato Bandeira, que se afastou da Chefia de Gabinete do governador Ricardo Coutinho (PSB) para disputar as elei\u00e7\u00f5es deste ano no cargo de deputado federal.<\/p>\n<p>Jo\u00e3o j\u00e1 declarou que o secretariado deve ser divulgado at\u00e9 o fim deste m\u00eas. Os nomes respons\u00e1veis por cada pasta devem ser divulgados a medida em que forem sendo definidos.<\/p>\n<div class=\"sharedaddy sd-sharing-enabled\">Blog do Gordinho<\/div>\n","protected":false},"excerpt":{"rendered":"<p>O governador eleito Jo\u00e3o Azev\u00eado (PSB), ao que tudo indica, j\u00e1 tem cinco nomes para integrar sua equipe de transi\u00e7\u00e3o. Seriam Waldson Souza, Gilberto Carneiro,&hellip; <\/p>\n","protected":false},"author":1,"featured_media":50255,"comment_status":"closed","ping_status":"closed","sticky":false,"template":"","format":"standard","meta":{"sfsi_plus_gutenberg_text_before_share":"","sfsi_plus_gutenberg_show_text_before_share":"","sfsi_plus_gutenberg_icon_type":"","sfsi_plus_gutenberg_icon_alignemt":"","sfsi_plus_gutenburg_max_per_row":"","footnotes":""},"categories":[1],"tags":[],"class_list":["post-71076","post","type-post","status-publish","format-standard","has-post-thumbnail","hentry","category-o-site"],"_links":{"self":[{"href":"https:\/\/www.caririemacao.com\/1\/wp-json\/wp\/v2\/posts\/71076","targetHints":{"allow":["GET"]}}],"collection":[{"href":"https:\/\/www.caririemacao.com\/1\/wp-json\/wp\/v2\/posts"}],"about":[{"href":"https:\/\/www.caririemacao.com\/1\/wp-json\/wp\/v2\/types\/post"}],"author":[{"embeddable":true,"href":"https:\/\/www.caririemacao.com\/1\/wp-json\/wp\/v2\/users\/1"}],"replies":[{"embeddable":true,"href":"https:\/\/www.caririemacao.com\/1\/wp-json\/wp\/v2\/comments?post=71076"}],"version-history":[{"count":1,"href":"https:\/\/www.caririemacao.com\/1\/wp-json\/wp\/v2\/posts\/71076\/revisions"}],"predecessor-version":[{"id":71077,"href":"https:\/\/www.caririemacao.com\/1\/wp-json\/wp\/v2\/posts\/71076\/revisions\/71077"}],"wp:featuredmedia":[{"embeddable":true,"href":"https:\/\/www.caririemacao.com\/1\/wp-json\/wp\/v2\/media\/50255"}],"wp:attachment":[{"href":"https:\/\/www.caririemacao.com\/1\/wp-json\/wp\/v2\/media?parent=71076"}],"wp:term":[{"taxonomy":"category","embeddable":true,"href":"https:\/\/www.caririemacao.com\/1\/wp-json\/wp\/v2\/categories?post=71076"},{"taxonomy":"post_tag","embeddable":true,"href":"https:\/\/www.caririemacao.com\/1\/wp-json\/wp\/v2\/tags?post=71076"}],"curies":[{"name":"wp","href":"https:\/\/api.w.org\/{rel}","templated":true}]}}