{"id":71078,"date":"2018-11-05T15:10:46","date_gmt":"2018-11-05T18:10:46","guid":{"rendered":"http:\/\/www.caririemacao.com\/1\/?p=71078"},"modified":"2018-11-05T15:10:46","modified_gmt":"2018-11-05T18:10:46","slug":"julian-lemos-diz-que-pretende-levar-mais-dois-paraibanos-para-equipe-de-transicao-de-jair-bolsonaro","status":"publish","type":"post","link":"https:\/\/www.caririemacao.com\/1\/2018\/11\/05\/julian-lemos-diz-que-pretende-levar-mais-dois-paraibanos-para-equipe-de-transicao-de-jair-bolsonaro\/","title":{"rendered":"Julian Lemos diz que pretende levar mais dois paraibanos para equipe de transi\u00e7\u00e3o de Jair Bolsonaro"},"content":{"rendered":"<p>Ap\u00f3s ser confirmado na equipe de transi\u00e7\u00e3o do presidente eleito, Jair Bolsonaro (PSL), o deputado federal eleito Julian Lemos (PSL) revelou, nesta segunda-feira (5), que pretende levar mais dois paraibanos para a equipe que vai fazer a transi\u00e7\u00e3o de governo. Outro paraibano tamb\u00e9m j\u00e1 havia sido confirmado no grupo. Trata-se do procurador da Fazenda Nacional e pastor,\u00a0S\u00e9rgio Queiroz \u2013\u00a0<strong>que revelou o teor de seus encontros com Bolsonaro<\/strong>.<\/p>\n<p>De acordo com Julian, que \u00e9 o principal l\u00edder de Jair Bolsonaro na regi\u00e3o Nordeste, sua inten\u00e7\u00e3o \u00e9 levar quantos paraibanos puder para a transi\u00e7\u00e3o, mas no momento seu intuito \u00e9 o de levar um economista e um advogado.<\/p>\n<p>\u201cPretendo levar mais dois nomes do nordeste. Est\u00e1 o meu no nome, o do procurador Sergio Queiroz e pretendo levar mais um economista e um advogado. Eu j\u00e1 tenho o nome de um economista, mas n\u00e3o posso divulgar. Tem que ser feita uma pesquisa nos \u00f3rg\u00e3os de seguran\u00e7a do estado. Se eu puder levar mais eu levo\u201d, revelou.<\/p>\n<p>De acordo com o deputado, sua fun\u00e7\u00e3o na equipe que faz a transi\u00e7\u00e3o, \u00e9 captar informa\u00e7\u00f5es a respeito da regi\u00e3o Nordeste. \u201cS\u00e3o quatro n\u00facleos nessa transi\u00e7\u00e3o que s\u00e3o os de infra estrutura, economia, entre outros. O meu \u00e9 ligado mais na quest\u00e3o pol\u00edtica. Como eu procuro ter uma essa leitura cada vez mais apurada no Nordeste, sou eu que estou captando essas informa\u00e7\u00f5es, e essas pessoas a exemplo do procurador Sergio Queiroz, que foi indicado para fazer parte da transi\u00e7\u00e3o, tem a ver exatamente com essa leitura da regi\u00e3o Nordeste\u201d, finalizou.<\/p>\n<p>&nbsp;<\/p>\n<p>Blog do Gordinho<\/p>\n","protected":false},"excerpt":{"rendered":"<p>Ap\u00f3s ser confirmado na equipe de transi\u00e7\u00e3o do presidente eleito, Jair Bolsonaro (PSL), o deputado federal eleito Julian Lemos (PSL) revelou, nesta segunda-feira (5), que&hellip; <\/p>\n","protected":false},"author":1,"featured_media":71079,"comment_status":"closed","ping_status":"closed","sticky":false,"template":"","format":"standard","meta":{"sfsi_plus_gutenberg_text_before_share":"","sfsi_plus_gutenberg_show_text_before_share":"","sfsi_plus_gutenberg_icon_type":"","sfsi_plus_gutenberg_icon_alignemt":"","sfsi_plus_gutenburg_max_per_row":"","footnotes":""},"categories":[1],"tags":[],"class_list":["post-71078","post","type-post","status-publish","format-standard","has-post-thumbnail","hentry","category-o-site"],"_links":{"self":[{"href":"https:\/\/www.caririemacao.com\/1\/wp-json\/wp\/v2\/posts\/71078","targetHints":{"allow":["GET"]}}],"collection":[{"href":"https:\/\/www.caririemacao.com\/1\/wp-json\/wp\/v2\/posts"}],"about":[{"href":"https:\/\/www.caririemacao.com\/1\/wp-json\/wp\/v2\/types\/post"}],"author":[{"embeddable":true,"href":"https:\/\/www.caririemacao.com\/1\/wp-json\/wp\/v2\/users\/1"}],"replies":[{"embeddable":true,"href":"https:\/\/www.caririemacao.com\/1\/wp-json\/wp\/v2\/comments?post=71078"}],"version-history":[{"count":1,"href":"https:\/\/www.caririemacao.com\/1\/wp-json\/wp\/v2\/posts\/71078\/revisions"}],"predecessor-version":[{"id":71080,"href":"https:\/\/www.caririemacao.com\/1\/wp-json\/wp\/v2\/posts\/71078\/revisions\/71080"}],"wp:featuredmedia":[{"embeddable":true,"href":"https:\/\/www.caririemacao.com\/1\/wp-json\/wp\/v2\/media\/71079"}],"wp:attachment":[{"href":"https:\/\/www.caririemacao.com\/1\/wp-json\/wp\/v2\/media?parent=71078"}],"wp:term":[{"taxonomy":"category","embeddable":true,"href":"https:\/\/www.caririemacao.com\/1\/wp-json\/wp\/v2\/categories?post=71078"},{"taxonomy":"post_tag","embeddable":true,"href":"https:\/\/www.caririemacao.com\/1\/wp-json\/wp\/v2\/tags?post=71078"}],"curies":[{"name":"wp","href":"https:\/\/api.w.org\/{rel}","templated":true}]}}