{"id":71086,"date":"2018-11-05T21:49:57","date_gmt":"2018-11-06T00:49:57","guid":{"rendered":"http:\/\/www.caririemacao.com\/1\/?p=71086"},"modified":"2018-11-06T00:21:32","modified_gmt":"2018-11-06T03:21:32","slug":"71086","status":"publish","type":"post","link":"https:\/\/www.caririemacao.com\/1\/2018\/11\/05\/71086\/","title":{"rendered":"Governo anuncia inaugura\u00e7\u00f5es de obras e Escola T\u00e9cnica do Cariri em Serra Branca integra lista"},"content":{"rendered":"<p>O ritmo de entrega de obras continua intenso por toda a Para\u00edba. O governador Ricardo Coutinho anunciou, nesta segunda-feira (5), um novo calend\u00e1rio de inaugura\u00e7\u00f5es com 100 obras que ser\u00e3o entregues at\u00e9 o final do ano. O pacote, que representa R$ 210 milh\u00f5es de investimentos, inclui duas Escolas T\u00e9cnicas, uma em Itaporanga e outra em Serra Branca; a segunda etapa do Parque Bodocong\u00f3, em Campina Grande; o Centro Especializado em Reabilita\u00e7\u00e3o, em Sousa; a reforma do Teatro Santa Catarina, em Cabedelo, e outras obras nas \u00e1reas da educa\u00e7\u00e3o, infraestrutura, sa\u00fade, cultura, mobilidade urbana, saneamento e abastecimento. O an\u00fancio foi feito durante o programa semanal Fala Governador, transmitido em cadeia estadual pela r\u00e1dio Tabajara.<\/p>\n<p>\u201cVamos entregar 100 obras at\u00e9 o fim do ano, as quais representam R$ 210 milh\u00f5es e ainda deixaremos cerca de 80 obras em execu\u00e7\u00e3o para serem entregues por Jo\u00e3o Azev\u00eado, no pr\u00f3ximo ano. Entre as Escolas T\u00e9cnicas que faltam ser conclu\u00eddas, entregaremos as de Itaporanga e Serra Branca e ficar\u00e3o as escolas de Sousa e Guarabira para Jo\u00e3o entregar\u201d, disse o governador.<\/p>\n<p>Ele ainda acrescentou: \u201cTamb\u00e9m teremos a satisfa\u00e7\u00e3o de inaugurar a grande reforma do Teatro Santa Catarina, em Cabedelo. J\u00e1 em Campina Grande, vamos entregar as obras do Mutir\u00e3o do Serrot\u00e3o, uma demanda do Or\u00e7amento Democr\u00e1tico que melhora a vida daquela comunidade, al\u00e9m de muitas outras obras pelo Estado\u201d, comentou Ricardo Coutinho.<\/p>\n<p>Segundo o governador, entre as inaugura\u00e7\u00f5es previstas, 49 obras s\u00e3o relacionadas \u00e0s \u00e1reas de saneamento e abastecimento d\u2019\u00e1gua. S\u00e3o quase R$ 38 milh\u00f5es aplicados em obras como o sistema adutor Nova Camar\u00e1 e a adutora de Arara; al\u00e9m do sistema de abastecimento d\u2019\u00e1gua de Paulista; a adutora de Bernardino Batista; o sistema de abastecimento d\u2019\u00e1gua da cidade de Emas; o sistema de abastecimento da \u00e1rea do R21, em Jo\u00e3o Pessoa, entre outras a\u00e7\u00f5es.<\/p>\n<p>Tamb\u00e9m ser\u00e3o inauguradas, at\u00e9 o final de dezembro, 31 obras de responsabilidade da Superintend\u00eancia de Obras do Plano de Desenvolvimento do Estado (Suplan), que representam mais de R$ 100 milh\u00f5es de investimento. Entre elas, 12 s\u00e3o na \u00e1rea da educa\u00e7\u00e3o; 11 ligadas \u00e0 infraestrutura; quatro de sa\u00fade; tr\u00eas em \u00e1reas diversas e uma obra na \u00e1rea da cultura.<\/p>\n<p>Destas 31 obras da Suplan, se destacam as inaugura\u00e7\u00f5es das Escolas T\u00e9cnicas de Itaporanga e Serra Branca; a segunda etapa do Parque Bodocong\u00f3, a entrega do gramado com sistema de irriga\u00e7\u00e3o do Est\u00e1dio O Amig\u00e3o e a urbaniza\u00e7\u00e3o do Mutir\u00e3o do Serrot\u00e3o, ambos em Campina Grande; Amplia\u00e7\u00e3o da Ala de radiologia do Hospital Napole\u00e3o Laureano, em Jo\u00e3o Pessoa; o Campus da UEPB de Monteiro; a conclus\u00e3o da reforma do Teatro Santa Catarina, em Cabedelo e o Centro Especializado em Reabilita\u00e7\u00e3o, em Sousa.<\/p>\n<p>\u201cEste Centro de Reabilita\u00e7\u00e3o vai operar toda a parte de fisioterapia, reabilita\u00e7\u00e3o motora, vai atender tamb\u00e9m crian\u00e7as autistas, pessoas com defici\u00eancias motoras, ou seja, tudo o que a Funad faz aqui em Jo\u00e3o Pessoa, esse Centro far\u00e1 para a popula\u00e7\u00e3o do sert\u00e3o\u201d, garantiu o governador.<\/p>\n<p>J\u00e1 nas \u00e1reas de estradas e mobilidade urbana, o Departamento de Estradas de Rodagem (DER), est\u00e1 executando 20 obras com recursos na ordem de R$ 70 milh\u00f5es. Est\u00e3o entre as obras que ser\u00e3o inauguradas: a duplica\u00e7\u00e3o do acesso ao aeroporto Castro Pinto; a Via Litor\u00e2nea de Intermares, em Cabedelo; a PB-057, entre Mamanguape, Ara\u00e7agi e Guarabira; o Bin\u00e1rio de Lagoa Seca; a ponte da Ba\u00eda da Trai\u00e7\u00e3o \u2013 Aldeia S\u00e3o Miguel; a restaura\u00e7\u00e3o da PB-087: Travessia urbana de Pil\u00f5es; a travessia de S\u00e3o Jos\u00e9 de Piranhas e outras.<\/p>\n<p>Durante o programa, o governador Ricardo Coutinho ainda enfatizou que o Estado est\u00e1 no caminho correto, cheio de obras para serem entregues, com pol\u00edticas p\u00fablicas diferenciadas, enfim, \u201ca Para\u00edba paga suas contas, consegue investir e continua evoluindo. Assim ser\u00e1 tamb\u00e9m nessa nova etapa de governan\u00e7a que vir\u00e1 em 2019, com o governador Jo\u00e3o Azev\u00eado\u201d.<\/p>\n<h3>Confira as obras:<\/h3>\n<p>\u2013 Reforma do Teatro Santa Catarina\u00a0 (Cabedelo)<\/p>\n<p>-Constru\u00e7\u00e3o de Cercas em Estacas Sabi\u00e1, no Parque Arqueol\u00f3gico Itacoatiaras do Ing\u00e1 (Ing\u00e1).<\/p>\n<p>\u2013 Constru\u00e7\u00e3o do Ramal de Entrada e Subesta\u00e7\u00e3o Abrigada de 2.000 KVA do Centro Administrativo do Estado (Jo\u00e3o Pessoa)<\/p>\n<p>\u2013 Reforma e Adequa\u00e7\u00e3o do Pr\u00e9dio onde Funcionar\u00e1 o Centro de Comercializa\u00e7\u00e3o Cal\u00e7adista (Patos)<\/p>\n<p>\u2013 Reforma e Amplia\u00e7\u00e3o da E.E.E.F.M Jo\u00e3o Cavalcanti Sula (Boa Ventura)<\/p>\n<p>\u2013 Reforma do Gin\u00e1sio da Escola E.E.F.M. Jos\u00e9 Guedes\u00a0\u00a0\u00a0\u00a0\u00a0\u00a0\u00a0 (Cabedelo)<\/p>\n<p>\u2013 Constru\u00e7\u00e3o de uma Quadra e Implanta\u00e7\u00e3o do Sistema de Prote\u00e7\u00e3o Contra Inc\u00eandio na Escola E.E.F.M. Severino Cabral (Campina Grande)<\/p>\n<p>\u2013 Reforma do Complexo Educacional da Escola E.E.F.M. Solon de Lucena\u00a0\u00a0\u00a0\u00a0 (Campina Grande)<\/p>\n<p>\u2013 Reforma e Amplia\u00e7\u00e3o da E.E.E.F.M. Irineu Joffily (Esperan\u00e7a)<\/p>\n<p>\u2013 Constru\u00e7\u00e3o de uma Escola Profissionalizante (Itaporanga)<\/p>\n<p>\u2013 Reforma da E.E.E.F.M. Castro Pinto (Jo\u00e3o Pessoa)<\/p>\n<p>\u2013 Constru\u00e7\u00e3o de uma Quadra Aberta em P\u00f3rtico e Implanta\u00e7\u00e3o do Sistema de Combate a Inc\u00eandio, na Escola E.E.F.M. Jos\u00e9 Vieira (Jo\u00e3o Pessoa)<\/p>\n<p><strong>\u2013 Constru\u00e7\u00e3o do Bloco de Salas de Aula \u2013 UEPB \u2013 Fase 1 \u2013 Campus Monteiro (Monteiro)<\/strong><\/p>\n<p><strong>\u2013 Urbaniza\u00e7\u00e3o Interna e Implanta\u00e7\u00e3o da Subesta\u00e7\u00e3o da UEPB (Monteiro)<\/strong><\/p>\n<p><em><strong>\u2013 Constru\u00e7\u00e3o de uma Escola Profissionalizante (Serra Branca)<\/strong><\/em><\/p>\n<p><em><strong>\u2013 Urbaniza\u00e7\u00e3o e Acesso a Escola Profissionalizante (Serra Branca)<\/strong><\/em><\/p>\n<p>\u2013 Constru\u00e7\u00e3o de Passarela Coberta e Gin\u00e1sio Padr\u00e3o na Escola E.E.F.M. Mestre J\u00falio Sarmento (Sousa)<\/p>\n<p>\u2013 Constru\u00e7\u00e3o de Unidade Escolar com 04 Salas de Aula no Assentamento Nova Vida I (Sousa)<\/p>\n<p>\u2013 Constru\u00e7\u00e3o do Campo de Futebol de V\u00e1rzea (Borborema)<\/p>\n<p>\u2013 Execu\u00e7\u00e3o do Gramado Esportivo com Sistema de Irriga\u00e7\u00e3o do Est\u00e1dio Ernani S\u00e1tiro \u201cO Amig\u00e3o\u201d (Campina Grande)<\/p>\n<p>\u2013 Constru\u00e7\u00e3o do Campo de Futebol de V\u00e1rzea (Ibiara)<\/p>\n<p>\u2013 Pavimenta\u00e7\u00e3o na Rua no S\u00edtio Lagoa da Mata (Araruna)<\/p>\n<p>\u2013 Conclus\u00e3o da Urbaniza\u00e7\u00e3o do Loteamento Mutir\u00e3o do Serrot\u00e3o (Campina Grande)<\/p>\n<p>\u2013 Urbaniza\u00e7\u00e3o do A\u00e7ude de Bodocong\u00f3 \u2013 2\u00aa Etapa\u00a0\u00a0\u00a0\u00a0\u00a0 (Campina Grande)<\/p>\n<p>\u2013 Pavimenta\u00e7\u00e3o e Drenagem do Acesso do Distrito de Ligeiro ao Conjunto da Cinep \u2013 Ruas: Leonardo H\u00e9lio Cavalcante, Vereador Martins N. Dantas, Joari de Sousa Costa J\u00fanior (continua\u00e7\u00e3o) e Projetada do Ligeiro (Campina Grande)<\/p>\n<p>\u2013 Terraplenagem, Pavimenta\u00e7\u00e3o e Drenagem de Diversas Ruas no Bairro do Alto do Mateus (Jo\u00e3o Pessoa)<\/p>\n<p>\u2013 Pavimenta\u00e7\u00e3o de Diversas Ruas \u2013 Rua Arlinda Pessoa Silva, Rua Sebasti\u00e3o Franklin de Sousa, Rua Jo\u00e3o Alves Barbosa e Rua Projetada 02 (Juru)<\/p>\n<p><strong>\u2013 Reforma do Pr\u00e9dio do Campo de Avia\u00e7\u00e3o\u00a0\u00a0\u00a0\u00a0\u00a0\u00a0 (Monteiro)<\/strong><\/p>\n<p>\u2013 Pavimenta\u00e7\u00e3o e Drenagem de Vias de Acesso ao Hospital do Munic\u00edpio de Queimadas\/PB (Acesso a BR 104, Rua Projetada FD, Rua Projetada FR, Rua Projetada LE, Rua Projetada LD, Entrada Da Rua Projetada Le E P\u00e1tio).<\/p>\n<p>\u2013 Pavimenta\u00e7\u00e3o da Rua Principal Da Comunidade Taberaba (Rio Tinto)<\/p>\n<p>\u2013 Pavimenta\u00e7\u00e3o de Diversas Ruas \u2013 Rua Antonio Vicente, Rua Andrelino Vieira e Rua Jo\u00e3o Vital de Oliveira (Santa Cruz)<\/p>\n<p>\u2013 Recupera\u00e7\u00e3o do Aer\u00f3dromo de Sousa (Sousa)<\/p>\n<p>\u2013 Conclus\u00e3o da Constru\u00e7\u00e3o da 2\u00aa Etapa da Unidade Mista de Sa\u00fade (Cacimba de Dentro)<\/p>\n<p>\u2013 Constru\u00e7\u00e3o de Reservat\u00f3rio Inferior do Hospital de Emerg\u00eancia e Trauma\u00a0\u00a0\u00a0 (Campina Grande)<\/p>\n<p>\u2013 Amplia\u00e7\u00e3o da Ala de Radiologia do Hospital Napole\u00e3o Laureano (Jo\u00e3o Pessoa)<\/p>\n<p>\u2013 Conclus\u00e3o da Amplia\u00e7\u00e3o da Ala de Radiologia do Hospital Napole\u00e3o Laureano (Jo\u00e3o Pessoa)<\/p>\n<p>\u2013 Constru\u00e7\u00e3o do Centro em Reabilita\u00e7\u00e3o em Sousa<\/p>\n<p>\u2013 PB-082: Entr. PB-048\/Itabaiana<\/p>\n<p>\u2013 Duplica\u00e7\u00e3o do acesso ao Aeroporto Castro Pinto, inclusive rua lateral do RECMEC e ilumina\u00e7\u00e3o<\/p>\n<p>\u2013 PB-044: BR-101\/Caapor\u00e3\/Entroncamento (PB-008)<\/p>\n<p>\u2013 PB-008:Via Litor\u00e2nea de Intermares (Cabedelo)<\/p>\n<p>\u2013 Requalifica\u00e7\u00e3o de Vias de Acesso \u00e0 Cidade de Sousa<\/p>\n<p>\u2013 PB-057: Mamanguape\/Ara\u00e7agi\/Guarabira- Rua Padre Z\u00e9 Coutinho em Itapororoca<\/p>\n<p>\u2013 PB-034: BR-101\/Alhandra\/Caapor\u00e3<\/p>\n<p><strong>\u2013 Passagem Molhada \u2013 Coxixola \/ Congo<\/strong><\/p>\n<p><strong>\u2013 Travessia de Tapero\u00e1<\/strong><\/p>\n<p>\u2013 Travessia de S\u00e3o Jos\u00e9 de Piranhas<\/p>\n<p>\u2013 Acesso ao Campus da UFCG em Cuit\u00e9<\/p>\n<p>\u2013 Bin\u00e1rio de Lagoa Seca<\/p>\n<p>\u2013 Passarela sobre o Rio da Cruz em Patos<\/p>\n<p>\u2013 Travessia de Esperan\u00e7a<\/p>\n<p>\u2013 Constru\u00e7\u00e3o de ponte na Ba\u00eda da Trai\u00e7\u00e3o \u2013 Aldeia S\u00e3o Miguel<\/p>\n<p>\u2013 Travessia de Pitimbu e recupera\u00e7\u00e3o Pitimbu\/Aca\u00fa<\/p>\n<p>\u2013 Acesso \u00e0 Comunidade do Grilo \u2013 em paralelep\u00edpedo<\/p>\n<p>\u2013 Travessia de Monteiro e acesso ao aeroporto<\/p>\n<p>\u2013 Travessia de Catol\u00e9 do Rocha e acesso a UEPB<\/p>\n<p>\u2013 Travessia Urbana S\u00e3o Jo\u00e3o do Rio do Peixe<\/p>\n<p>\u2013 PB-228: Travessia de Areia de Bara\u00fanas<\/p>\n<p>\u2013 Acesso \u00e0 Escola T\u00e9cnica de Itaporanga<\/p>\n<p><strong>\u2013 Passagem Molhada \u2013 Barra de S\u00e3o Miguel \/ Cabaceiras<\/strong><\/p>\n<p>\u2013 PB-008: Costinha\/Lucena. (Rua David Falc\u00e3o\/PB-025)<\/p>\n<p>\u2013 Pavimenta\u00e7\u00e3o da Rua Severino Vicente Amorim \u2013 Valentina de Figueiredo (Jo\u00e3o Pessoa)<\/p>\n<p>\u2013 Restaura\u00e7\u00e3o PB-087: Travessia urbana de Pil\u00f5es<\/p>\n<p>\u2013 Esta\u00e7\u00e3o de Tratamento de \u00c1gua do Sistema Adutor Nova Camar\u00e1 (Seirhmact) e Adutora de Arara<\/p>\n<p>\u2013 Sistema de Abastecimento D\u2019\u00e1gua Queimadas \u2013 Pedra do Sino<\/p>\n<p>\u2013 Sistema de Abastecimento D\u2019\u00e1gua Paulista<\/p>\n<p>\u2013 Sistema de Abastecimento D\u2019\u00e1gua Bernardino Batista<\/p>\n<p>\u2013 Sistema de Abastecimento D\u2019\u00e1gua Ara\u00e7agi \u2013 Santa L\u00facia<\/p>\n<p>\u2013 Sistema de Abastecimento D\u2019\u00e1gua Emas<\/p>\n<p>\u2013 Sistema de Abastecimento D\u2019\u00e1gua da \u00e1rea do R21 \u2013 Jo\u00e3o Pessoa<\/p>\n<p>\u2013 Sistema de Esgotamento Sanit\u00e1rio bairro Padre Z\u00e9 \u2013 Jo\u00e3o Pessoa<\/p>\n<p>\u2013 Sistema de Esgotamento Sanit\u00e1rio bairro de Jos\u00e9 Am\u00e9rico \u2013 Jo\u00e3o Pessoa<\/p>\n<p>\u2013 Sistema Adutor Nova Camar\u00e1 \u2013 Arara<\/p>\n<p>PROGRAMA \u00c1GUA DOCE \u2013 Sistemas de Dessaliniza\u00e7\u00e3o<\/p>\n<p><strong>\u2013 Assent. Fazenda Mata (Recup.) \u2013 AMPARO<\/strong><\/p>\n<p>\u2013 S\u00edtio Serrinha \u2013 Barra de Santana<\/p>\n<p>\u2013 Assent. Quandu \u2013 BARRA DE SANTA ROSA<\/p>\n<p><strong>\u2013<\/strong> S\u00edtio Riacho Fechado\u00a0 \u2013 BARRA DE SANTA ROSA<\/p>\n<p><strong>\u2013 S\u00edtio Barriguda de Frades \u2013 CARA\u00daBAS<\/strong><\/p>\n<p><strong>\u2013 S\u00edtio Curralinhos \u2013 CARA\u00daBAS<\/strong><\/p>\n<p><strong>\u2013 S\u00edtio Passagem\u00a0 \u2013 CARA\u00daBAS<\/strong><\/p>\n<p>\u2013 S\u00edtio Abreu I e Abreu II \u2013 CUBATI<\/p>\n<p>\u2013 Sede (Recup.) \u2013 CUITE<\/p>\n<p>\u2013 S\u00edtio Barra\/Malhada Vermelha \u2013 JUAZEIRINHO<\/p>\n<p>\u2013 S\u00edtio Ilha Grande\u00a0\u00a0\u00a0\u00a0\u00a0\u00a0\u00a0 \u2013 JUAZEIRINHO<\/p>\n<p>\u2013 S\u00edtio Mendon\u00e7a II (Recup.)\u00a0 \u2013 JUAZEIRINHO<\/p>\n<p>\u2013 Sede (Recup.) \u2013 NOVA PALMEIRA<\/p>\n<p>\u2013 S\u00edtio Cedro \u2013 OLIVEDOS<\/p>\n<p>\u2013 S\u00edtio Pedra D\u2019\u00e1gua dos Nic\u00e1cios \u2013 OLIVEDOS<\/p>\n<p>\u2013 Distrito de Nazar\u00e9 (Recup.) \u2013 POCINHOS<\/p>\n<p><strong>\u2013 Alagamar \u2013 S\u00c3O JOAO DO CARIRI<\/strong><\/p>\n<p><strong>\u2013 Curral do Meio \u2013 S\u00c3O JOAO DO CARIRI<\/strong><\/p>\n<p>\u2013 Alagamar dos Paulinos\u00a0\u00a0\u00a0\u00a0\u00a0\u00a0\u00a0 \u2013 S\u00c3O VICENTE DO SERID\u00d3<\/p>\n<p>\u2013 S\u00edtio Lajedo do Timbauba \u2013 SOLEDADE<\/p>\n<p>\u2013 S\u00edtio Vira\u00e7\u00e3o\u00a0 \u2013 SOLEDADE<\/p>\n<p>\u2013 S\u00edtio Algod\u00e3o \u2013 SOSSEGO<\/p>\n<p>\u2013 S\u00edtio Bom Sucesso de Baixo \u2013 SOSSEGO<\/p>\n<p>\u2013 S\u00edtio Bom \u2013 TAPERO\u00c1<\/p>\n<p><strong>\u2013 S\u00edtio Girau de Capim \u2013 TAPERO\u00c1<\/strong><\/p>\n<p><strong>\u2013 S\u00edtio Mineiro da Serra \u2013 TAPERO\u00c1<\/strong><\/p>\n<p>PROGRAMA \u00c1GUA PARA TODOS \u2013 Sistemas de Abastecimento Rural<\/p>\n<p>\u2013 ING\u00c1 \u2013 Serra Verde<\/p>\n<p>\u2013 ING\u00c1 \u2013 Pinga<\/p>\n<p>\u2013 ING\u00c1 \u2013 Pedra D\u2019\u00e1gua<\/p>\n<p>\u2013 SUM\u00c9 \u2013 Serrote Agudo<\/p>\n<p>\u2013 SERT\u00c3OZINHO\u00a0\u00a0\u00a0\u00a0 \u00a0\u00a0\u00a0\u2013 Lagoa De Baixo<\/p>\n<p>\u2013 SERT\u00c3OZINHO\u00a0\u00a0\u00a0\u00a0\u00a0\u00a0\u00a0\u00a0\u00a0 \u2013 Sitio Guabiraba II<\/p>\n<p>\u2013 SERT\u00c3OZINHO\u00a0\u00a0\u00a0\u00a0\u00a0\u00a0\u00a0 \u2013 Pirpiri<\/p>\n<p>\u2013 RIACH\u00c3O DO PO\u00c7O\u00a0\u00a0\u00a0\u00a0\u00a0\u00a0\u00a0\u00a0 \u2013 Pau Amarelo<\/p>\n<p>\u2013 RIACH\u00c3O DO PO\u00c7O\u00a0\u00a0\u00a0\u00a0\u00a0\u00a0\u00a0\u00a0 \u2013 Riacho De Serra<\/p>\n<p>\u2013 CARRAPATEIRA \u2013 Riacho Da Cachoeira<\/p>\n<p>\u2013 JUNCO DO SERID\u00d3 \u2013\u00a0\u00a0\u00a0\u00a0\u00a0\u00a0\u00a0 V\u00e1rzea Das Vassouras<\/p>\n<p>\u2013 JUNCO DO SERID\u00d3 \u2013 Exu<\/p>\n<p>\u2013 POMBAL \u2013 Bezerros<\/p>\n<p>\u2013 POMBAL \u2013 S\u00e3o Jo\u00e3o Dos Produtores<\/p>\n<p>Inaugura\u00e7\u00f5es Obras Ricardo Coutinho<\/p>\n<p style=\"text-align: right;\"><em><strong>Secom-PB<\/strong><\/em><\/p>\n","protected":false},"excerpt":{"rendered":"<p>O ritmo de entrega de obras continua intenso por toda a Para\u00edba. O governador Ricardo Coutinho anunciou, nesta segunda-feira (5), um novo calend\u00e1rio de inaugura\u00e7\u00f5es&hellip; <\/p>\n","protected":false},"author":1,"featured_media":71087,"comment_status":"closed","ping_status":"closed","sticky":false,"template":"","format":"standard","meta":{"sfsi_plus_gutenberg_text_before_share":"","sfsi_plus_gutenberg_show_text_before_share":"","sfsi_plus_gutenberg_icon_type":"","sfsi_plus_gutenberg_icon_alignemt":"","sfsi_plus_gutenburg_max_per_row":"","footnotes":""},"categories":[2],"tags":[],"class_list":["post-71086","post","type-post","status-publish","format-standard","has-post-thumbnail","hentry","category-geral"],"_links":{"self":[{"href":"https:\/\/www.caririemacao.com\/1\/wp-json\/wp\/v2\/posts\/71086","targetHints":{"allow":["GET"]}}],"collection":[{"href":"https:\/\/www.caririemacao.com\/1\/wp-json\/wp\/v2\/posts"}],"about":[{"href":"https:\/\/www.caririemacao.com\/1\/wp-json\/wp\/v2\/types\/post"}],"author":[{"embeddable":true,"href":"https:\/\/www.caririemacao.com\/1\/wp-json\/wp\/v2\/users\/1"}],"replies":[{"embeddable":true,"href":"https:\/\/www.caririemacao.com\/1\/wp-json\/wp\/v2\/comments?post=71086"}],"version-history":[{"count":3,"href":"https:\/\/www.caririemacao.com\/1\/wp-json\/wp\/v2\/posts\/71086\/revisions"}],"predecessor-version":[{"id":71093,"href":"https:\/\/www.caririemacao.com\/1\/wp-json\/wp\/v2\/posts\/71086\/revisions\/71093"}],"wp:featuredmedia":[{"embeddable":true,"href":"https:\/\/www.caririemacao.com\/1\/wp-json\/wp\/v2\/media\/71087"}],"wp:attachment":[{"href":"https:\/\/www.caririemacao.com\/1\/wp-json\/wp\/v2\/media?parent=71086"}],"wp:term":[{"taxonomy":"category","embeddable":true,"href":"https:\/\/www.caririemacao.com\/1\/wp-json\/wp\/v2\/categories?post=71086"},{"taxonomy":"post_tag","embeddable":true,"href":"https:\/\/www.caririemacao.com\/1\/wp-json\/wp\/v2\/tags?post=71086"}],"curies":[{"name":"wp","href":"https:\/\/api.w.org\/{rel}","templated":true}]}}