{"id":71102,"date":"2018-11-06T11:51:27","date_gmt":"2018-11-06T14:51:27","guid":{"rendered":"http:\/\/www.caririemacao.com\/1\/?p=71102"},"modified":"2018-11-06T11:51:27","modified_gmt":"2018-11-06T14:51:27","slug":"bolsonaro-chega-pela-primeira-vez-a-brasilia-como-presidente-eleito","status":"publish","type":"post","link":"https:\/\/www.caririemacao.com\/1\/2018\/11\/06\/bolsonaro-chega-pela-primeira-vez-a-brasilia-como-presidente-eleito\/","title":{"rendered":"Bolsonaro chega pela primeira vez a Bras\u00edlia como presidente eleito"},"content":{"rendered":"<div class=\"ads-980-100 hidden-sm hidden-md hidden-lg\">\n<div class=\"container-fluid\">\n<div class=\"row\">\n<div class=\"col-xs-12 col-sm-12 col-md-12 col-lg-12\"><\/div>\n<\/div>\n<\/div>\n<\/div>\n<div class=\"content\">\n<p>O presidente eleito Jair Bolsonaro j\u00e1 est\u00e1 em Bras\u00edlia, onde participa, de cerim\u00f4nia comemorativa dos 30 anos da Constitui\u00e7\u00e3o, no Congresso Nacional. A agenda \u00e9 intensa e inclui encontros com o presidente Michel Temer, o presidente do Supremo Tribunal Federal (STF), Dias Toffoli, al\u00e9m de reuni\u00f5es com comandantes militares.<\/p>\n<p>O avi\u00e3o da For\u00e7a A\u00e9rea Brasileira (FAB) que trouxe Bolsonaro a Bras\u00edlia pousou na Base A\u00e9rea por volta das 8h55. Acompanhava o presidente eleito o seu vice, general Hamilton Mour\u00e3o.<\/p>\n<p>Jair Bolsonaro e sua comitiva foram recebidos pelo tenente-brigadeiro do ar\u00a0Bermudez, comandante-geral de Pessoal da Aeron\u00e1utica.<\/p>\n<div id=\"attachment_524015\" class=\"wp-caption aligncenter\"><img decoding=\"async\" class=\"wp-image-524015 size-full lazyloaded\" src=\"https:\/\/paraibaonline.com.br\/wp-content\/uploads\/2018\/11\/bolsonaro0611.jpg\" sizes=\"(max-width: 754px) 100vw, 754px\" srcset=\"https:\/\/paraibaonline.com.br\/wp-content\/uploads\/2018\/11\/bolsonaro0611.jpg 754w, https:\/\/paraibaonline.com.br\/wp-content\/uploads\/2018\/11\/bolsonaro0611-567x378.jpg 567w\" alt=\"Twitter FAB\" data-lazy-src=\"https:\/\/paraibaonline.com.br\/wp-content\/uploads\/2018\/11\/bolsonaro0611.jpg\" data-lazy-srcset=\"https:\/\/paraibaonline.com.br\/wp-content\/uploads\/2018\/11\/bolsonaro0611.jpg 754w, https:\/\/paraibaonline.com.br\/wp-content\/uploads\/2018\/11\/bolsonaro0611-567x378.jpg 567w\" data-lazy-sizes=\"(max-width: 754px) 100vw, 754px\" data-was-processed=\"true\" \/><\/p>\n<p class=\"wp-caption-text\">Foto: Twitter FAB<\/p>\n<\/div>\n<p>Assim que pousou, a FAB, publicou em seu Twitter a seguinte mensagem para o presidente eleito:\u00a0\u201cJair Bolsonaro acaba de realizar o primeiro voo com a For\u00e7a A\u00e9rea Brasileira como presidente eleito\u201d.<\/p>\n<p>Bolsonaro deixou a base por volta das 9h30, em v\u00e1rios carros, sob a seguran\u00e7a de policiais federais, em dire\u00e7\u00e3o ao Congresso Nacional.<\/p>\n<p>Para amanh\u00e3 (7) est\u00e1 previsto caf\u00e9 da manh\u00e3 com o comandante da Aeron\u00e1utica, o brigadeiro Nivaldo Luiz Rossato. Haver\u00e1 ainda encontro com os presidentes do STF, Dias Toffoli, e do Superior Tribunal de Justi\u00e7a (STJ), Jo\u00e3o Ot\u00e1vio de Noronha.<\/p>\n<\/div>\n","protected":false},"excerpt":{"rendered":"<p>O presidente eleito Jair Bolsonaro j\u00e1 est\u00e1 em Bras\u00edlia, onde participa, de cerim\u00f4nia comemorativa dos 30 anos da Constitui\u00e7\u00e3o, no Congresso Nacional. A agenda \u00e9&hellip; <\/p>\n","protected":false},"author":1,"featured_media":71103,"comment_status":"closed","ping_status":"closed","sticky":false,"template":"","format":"standard","meta":{"sfsi_plus_gutenberg_text_before_share":"","sfsi_plus_gutenberg_show_text_before_share":"","sfsi_plus_gutenberg_icon_type":"","sfsi_plus_gutenberg_icon_alignemt":"","sfsi_plus_gutenburg_max_per_row":"","footnotes":""},"categories":[1],"tags":[],"class_list":["post-71102","post","type-post","status-publish","format-standard","has-post-thumbnail","hentry","category-o-site"],"_links":{"self":[{"href":"https:\/\/www.caririemacao.com\/1\/wp-json\/wp\/v2\/posts\/71102","targetHints":{"allow":["GET"]}}],"collection":[{"href":"https:\/\/www.caririemacao.com\/1\/wp-json\/wp\/v2\/posts"}],"about":[{"href":"https:\/\/www.caririemacao.com\/1\/wp-json\/wp\/v2\/types\/post"}],"author":[{"embeddable":true,"href":"https:\/\/www.caririemacao.com\/1\/wp-json\/wp\/v2\/users\/1"}],"replies":[{"embeddable":true,"href":"https:\/\/www.caririemacao.com\/1\/wp-json\/wp\/v2\/comments?post=71102"}],"version-history":[{"count":1,"href":"https:\/\/www.caririemacao.com\/1\/wp-json\/wp\/v2\/posts\/71102\/revisions"}],"predecessor-version":[{"id":71104,"href":"https:\/\/www.caririemacao.com\/1\/wp-json\/wp\/v2\/posts\/71102\/revisions\/71104"}],"wp:featuredmedia":[{"embeddable":true,"href":"https:\/\/www.caririemacao.com\/1\/wp-json\/wp\/v2\/media\/71103"}],"wp:attachment":[{"href":"https:\/\/www.caririemacao.com\/1\/wp-json\/wp\/v2\/media?parent=71102"}],"wp:term":[{"taxonomy":"category","embeddable":true,"href":"https:\/\/www.caririemacao.com\/1\/wp-json\/wp\/v2\/categories?post=71102"},{"taxonomy":"post_tag","embeddable":true,"href":"https:\/\/www.caririemacao.com\/1\/wp-json\/wp\/v2\/tags?post=71102"}],"curies":[{"name":"wp","href":"https:\/\/api.w.org\/{rel}","templated":true}]}}