{"id":71107,"date":"2018-11-06T12:00:44","date_gmt":"2018-11-06T15:00:44","guid":{"rendered":"http:\/\/www.caririemacao.com\/1\/?p=71107"},"modified":"2018-11-06T12:00:44","modified_gmt":"2018-11-06T15:00:44","slug":"petrobras-reduz-preco-da-gasolina-nas-refinarias-ao-menor-nivel-em-6-meses","status":"publish","type":"post","link":"https:\/\/www.caririemacao.com\/1\/2018\/11\/06\/petrobras-reduz-preco-da-gasolina-nas-refinarias-ao-menor-nivel-em-6-meses\/","title":{"rendered":"Petrobras reduz pre\u00e7o da gasolina nas refinarias ao menor n\u00edvel em 6 meses"},"content":{"rendered":"<p>A Petrobras\u00a0reduzir\u00e1 o pre\u00e7o m\u00e9dio da gasolina nas refinarias em 6,35% a partir desta ter\u00e7a-feira (6). \u00c9 o maior corte j\u00e1 feito pela estatal desde o an\u00fancio de uma pol\u00edtica de reajustes at\u00e9 di\u00e1rios do combust\u00edvel, em vigor desde julho do ano passado.<\/p>\n<p>Com a altera\u00e7\u00e3o, o valor m\u00e9dio do combust\u00edvel cair\u00e1 para R$ 1,7293 por litro, o menor valor desde o R$ 1,7199 visto em 20 de abril, conforme informa\u00e7\u00f5es do site da petroleira compiladas pela ag\u00eancia Reuters.<\/p>\n<p>O movimento ocorre ap\u00f3s a empresa j\u00e1 ter realizado um amplo corte em 31 de outubro, de 6,2%, o maior que havia acontecido at\u00e9 ent\u00e3o.<\/p>\n<p>O corte se d\u00e1 em meio a uma valoriza\u00e7\u00e3o do real ante o d\u00f3lar e tamb\u00e9m a um enfraquecimento das refer\u00eancias internacionais do petr\u00f3leo, par\u00e2metros utilizados pela companhia para a forma\u00e7\u00e3o de pre\u00e7os dos combust\u00edveis.<\/p>\n<p>Mais cedo, tamb\u00e9m nesta segunda (5), a Petrobras anunciou, nesta segunda (5), um reajuste no pre\u00e7o do\u00a0g\u00e1s de cozinha\u00a0comercializado em\u00a0botij\u00f5es\u00a0de 13 quilos, usados em resid\u00eancias.<\/p>\n<p>O novo pre\u00e7o de R$ 25,07 representa um aumento de 8,5% em rela\u00e7\u00e3o ao valor vigente desde julho.<\/p>\n<p>Trata-se de uma m\u00e9dia nacional, sem tributos, nas refinarias da companhia -ou seja, o aumento poder\u00e1 ou n\u00e3o ser repassado ao consumidor pelas distribuidoras.<\/p>\n<p style=\"text-align: right;\"><em><strong>Folhapress\/Foto: Reprodu\u00e7\u00e3o\u00a0<\/strong><\/em><\/p>\n","protected":false},"excerpt":{"rendered":"<p>A Petrobras\u00a0reduzir\u00e1 o pre\u00e7o m\u00e9dio da gasolina nas refinarias em 6,35% a partir desta ter\u00e7a-feira (6). \u00c9 o maior corte j\u00e1 feito pela estatal desde&hellip; <\/p>\n","protected":false},"author":1,"featured_media":71108,"comment_status":"closed","ping_status":"closed","sticky":false,"template":"","format":"standard","meta":{"sfsi_plus_gutenberg_text_before_share":"","sfsi_plus_gutenberg_show_text_before_share":"","sfsi_plus_gutenberg_icon_type":"","sfsi_plus_gutenberg_icon_alignemt":"","sfsi_plus_gutenburg_max_per_row":"","footnotes":""},"categories":[2],"tags":[],"class_list":["post-71107","post","type-post","status-publish","format-standard","has-post-thumbnail","hentry","category-geral"],"_links":{"self":[{"href":"https:\/\/www.caririemacao.com\/1\/wp-json\/wp\/v2\/posts\/71107","targetHints":{"allow":["GET"]}}],"collection":[{"href":"https:\/\/www.caririemacao.com\/1\/wp-json\/wp\/v2\/posts"}],"about":[{"href":"https:\/\/www.caririemacao.com\/1\/wp-json\/wp\/v2\/types\/post"}],"author":[{"embeddable":true,"href":"https:\/\/www.caririemacao.com\/1\/wp-json\/wp\/v2\/users\/1"}],"replies":[{"embeddable":true,"href":"https:\/\/www.caririemacao.com\/1\/wp-json\/wp\/v2\/comments?post=71107"}],"version-history":[{"count":2,"href":"https:\/\/www.caririemacao.com\/1\/wp-json\/wp\/v2\/posts\/71107\/revisions"}],"predecessor-version":[{"id":71110,"href":"https:\/\/www.caririemacao.com\/1\/wp-json\/wp\/v2\/posts\/71107\/revisions\/71110"}],"wp:featuredmedia":[{"embeddable":true,"href":"https:\/\/www.caririemacao.com\/1\/wp-json\/wp\/v2\/media\/71108"}],"wp:attachment":[{"href":"https:\/\/www.caririemacao.com\/1\/wp-json\/wp\/v2\/media?parent=71107"}],"wp:term":[{"taxonomy":"category","embeddable":true,"href":"https:\/\/www.caririemacao.com\/1\/wp-json\/wp\/v2\/categories?post=71107"},{"taxonomy":"post_tag","embeddable":true,"href":"https:\/\/www.caririemacao.com\/1\/wp-json\/wp\/v2\/tags?post=71107"}],"curies":[{"name":"wp","href":"https:\/\/api.w.org\/{rel}","templated":true}]}}