{"id":71111,"date":"2018-11-06T12:05:26","date_gmt":"2018-11-06T15:05:26","guid":{"rendered":"http:\/\/www.caririemacao.com\/1\/?p=71111"},"modified":"2018-11-06T12:05:26","modified_gmt":"2018-11-06T15:05:26","slug":"acompanhe-ao-vivo-primeiro-discurso-de-bolsonaro-no-congresso-apos-eleicao","status":"publish","type":"post","link":"https:\/\/www.caririemacao.com\/1\/2018\/11\/06\/acompanhe-ao-vivo-primeiro-discurso-de-bolsonaro-no-congresso-apos-eleicao\/","title":{"rendered":"Acompanhe ao vivo primeiro discurso de Bolsonaro no Congresso ap\u00f3s elei\u00e7\u00e3o"},"content":{"rendered":"<p>O presidente do Supremo Tribunal Federal (STF), Dias Toffoli, disse nesta ter\u00e7a-feira (6) que \u00e9 hora de a pol\u00edtica retomar o protagonismo no pa\u00eds. Em discurso na solenidade que comemora, no Congresso, os 30 anos da Constitui\u00e7\u00e3o Federal, Toffoli pregou a uni\u00e3o entre os poderes e a implanta\u00e7\u00e3o de tr\u00eas reformas (a da Previd\u00eancia, a fiscal e a da seguran\u00e7a p\u00fablica).<\/p>\n<p>&#8220;\u00c9 hora de celebrarmos poderes da rep\u00fablica e sociedade civil um grande pacto nacional por reformas que precisamos encontrar&#8221;, afirmou.<\/p>\n<p>O evento re\u00fane o presidente eleito Jair Bolsonaro, o presidente Michel Temer, os presidentes da C\u00e2mara, Rodrigo Maia (DEM-RJ), e do Senado, Eun\u00edcio Oliveira (MDB-CE), e o ex-presidente Jos\u00e9 Sarney, que comandava o pa\u00eds na \u00e9poca da Constituinte. Toffoli parabenizou Bolsonaro por ter nas m\u00e3os um exemplar da Constitui\u00e7\u00e3o brasileira.<\/p>\n<p><div class=\"ose-youtube ose-uid-ef02467f265f2646bb45073c958f878a ose-embedpress-responsive\" style=\"width:600px; height:550px; max-height:550px; max-width:100%; display:inline-block;\" data-embed-type=\"Youtube\"><iframe allowFullScreen=\"true\" title=\"Cobertura e Plen\u00e1rio \u2013 Homenagem aos 30 anos da Constitui\u00e7\u00e3o\" width=\"600\" height=\"550\" data-src=\"https:\/\/www.youtube.com\/embed\/kObJ3eX8Zdo?feature=oembed&color=red&rel=0&controls=1&start=&end=&fs=0&iv_load_policy=0&autoplay=0&mute=0&modestbranding=0&cc_load_policy=1&playsinline=1\" frameborder=\"0\" allow=\"accelerometer; encrypted-media;accelerometer;autoplay;clipboard-write;gyroscope;picture-in-picture clipboard-write; encrypted-media; gyroscope; picture-in-picture; web-share\" referrerpolicy=\"strict-origin-when-cross-origin\" allowfullscreen src=\"data:image\/svg+xml;base64,PHN2ZyB3aWR0aD0iMSIgaGVpZ2h0PSIxIiB4bWxucz0iaHR0cDovL3d3dy53My5vcmcvMjAwMC9zdmciPjwvc3ZnPg==\" class=\"lazyload\" data-load-mode=\"1\"><\/iframe><\/div><\/p>\n<p style=\"text-align: right;\"><em><strong>Congresso em Foco\/Foto:Internet\u00a0<\/strong><\/em><\/p>\n","protected":false},"excerpt":{"rendered":"<p>O presidente do Supremo Tribunal Federal (STF), Dias Toffoli, disse nesta ter\u00e7a-feira (6) que \u00e9 hora de a pol\u00edtica retomar o protagonismo no pa\u00eds. Em&hellip; <\/p>\n","protected":false},"author":1,"featured_media":71113,"comment_status":"closed","ping_status":"closed","sticky":false,"template":"","format":"standard","meta":{"sfsi_plus_gutenberg_text_before_share":"","sfsi_plus_gutenberg_show_text_before_share":"","sfsi_plus_gutenberg_icon_type":"","sfsi_plus_gutenberg_icon_alignemt":"","sfsi_plus_gutenburg_max_per_row":"","footnotes":""},"categories":[11],"tags":[],"class_list":["post-71111","post","type-post","status-publish","format-standard","has-post-thumbnail","hentry","category-politica"],"_links":{"self":[{"href":"https:\/\/www.caririemacao.com\/1\/wp-json\/wp\/v2\/posts\/71111","targetHints":{"allow":["GET"]}}],"collection":[{"href":"https:\/\/www.caririemacao.com\/1\/wp-json\/wp\/v2\/posts"}],"about":[{"href":"https:\/\/www.caririemacao.com\/1\/wp-json\/wp\/v2\/types\/post"}],"author":[{"embeddable":true,"href":"https:\/\/www.caririemacao.com\/1\/wp-json\/wp\/v2\/users\/1"}],"replies":[{"embeddable":true,"href":"https:\/\/www.caririemacao.com\/1\/wp-json\/wp\/v2\/comments?post=71111"}],"version-history":[{"count":1,"href":"https:\/\/www.caririemacao.com\/1\/wp-json\/wp\/v2\/posts\/71111\/revisions"}],"predecessor-version":[{"id":71114,"href":"https:\/\/www.caririemacao.com\/1\/wp-json\/wp\/v2\/posts\/71111\/revisions\/71114"}],"wp:featuredmedia":[{"embeddable":true,"href":"https:\/\/www.caririemacao.com\/1\/wp-json\/wp\/v2\/media\/71113"}],"wp:attachment":[{"href":"https:\/\/www.caririemacao.com\/1\/wp-json\/wp\/v2\/media?parent=71111"}],"wp:term":[{"taxonomy":"category","embeddable":true,"href":"https:\/\/www.caririemacao.com\/1\/wp-json\/wp\/v2\/categories?post=71111"},{"taxonomy":"post_tag","embeddable":true,"href":"https:\/\/www.caririemacao.com\/1\/wp-json\/wp\/v2\/tags?post=71111"}],"curies":[{"name":"wp","href":"https:\/\/api.w.org\/{rel}","templated":true}]}}