{"id":71115,"date":"2018-11-06T12:10:48","date_gmt":"2018-11-06T15:10:48","guid":{"rendered":"http:\/\/www.caririemacao.com\/1\/?p=71115"},"modified":"2018-11-06T12:10:48","modified_gmt":"2018-11-06T15:10:48","slug":"edson-fachin-determina-arquivamento-do-inquerito-contra-ministro-vital-do-rego","status":"publish","type":"post","link":"https:\/\/www.caririemacao.com\/1\/2018\/11\/06\/edson-fachin-determina-arquivamento-do-inquerito-contra-ministro-vital-do-rego\/","title":{"rendered":"Edson Fachin determina arquivamento do inqu\u00e9rito contra ministro Vital do R\u00eago"},"content":{"rendered":"<p>O ministro Edson Fachin, relator da Lava Jato no STF (Supremo Tribunal Federal), determinou o arquivamento do inqu\u00e9rito que apurava o suposto recebimento de recursos n\u00e3o declarados para o financiamento de campanha do ex-senador Vital do R\u00eago, hoje ministro do\u00a0TCU (Tribunal de Contas da Uni\u00e3o).<\/p>\n<div class=\"enviar\">\n<p>A decis\u00e3o atende a pedido da procuradora-geral da Rep\u00fablica, Raquel Dodge, que concluiu n\u00e3o haver provas suficientes para oferecer den\u00fancia contra Vital do R\u00eago.<\/p>\n<p>Fachin decidiu pelo arquivamento sob o mesmo entendimento. Segundo o ministro, no entanto, a decis\u00e3o \u201c<em>n\u00e3o impede a retomada das apura\u00e7\u00f5es caso futuramente surjam novas evid\u00eancias<\/em>\u201c.<\/p>\n<p><strong>A DEN\u00daNCIA CONTRA VITAL DO R\u00caGO<\/strong><\/p>\n<p>Vital do R\u00eago Filho teria recebido recursos irregulares do Setor de Opera\u00e7\u00f5es Estruturadas da Odebrecht para financiar campanha ao Senado.\u00a0A investiga\u00e7\u00e3o foi aberta com base na dela\u00e7\u00e3o premiada de ex-executivos da empresa.<\/p>\n<p>Nas dela\u00e7\u00f5es, Fernando Ayres e Jos\u00e9 de Carvalho Filho afirmaram que entre os R$ 10 milh\u00f5es em pagamentos feitos a pol\u00edticos do MDB, de 2012 e 2014, R$ 350 mil teriam sido destinados para o caixa 2 de Vital do R\u00eago. O pedido foi feito por Sergio Machado, ex-presidente da Transpetro (Petrobras Transporte S.A), subsidi\u00e1ria da Petrobras.<\/p>\n<p>\u201c<em>O relato dos colaboradores Fernando Luiz Ayres Cunha Reis e Jos\u00e9 de Carvalho Filho mostraram-se isolados e n\u00e3o permitem linha investigativa suficiente e juridicamente capaz de manter a presente instru\u00e7\u00e3o<\/em>\u201c, escreveu Raquel Dodge no pedido de arquivamento.<\/p>\n<p>Dodge disse ainda que Machado e outros envolvidos no esquema desconheceram repasses a Vital do R\u00eago e que, tampouco, foram apontados os registros desses pagamentos nas planilhas da Odebrecht utilizadas para gerir o repasse de caixa 2.<\/p>\n<p style=\"text-align: right;\"><em><strong>\u00a0Poder 360\/Foto: Internet\u00a0<\/strong><\/em><\/p>\n<\/div>\n","protected":false},"excerpt":{"rendered":"<p>O ministro Edson Fachin, relator da Lava Jato no STF (Supremo Tribunal Federal), determinou o arquivamento do inqu\u00e9rito que apurava o suposto recebimento de recursos&hellip; <\/p>\n","protected":false},"author":1,"featured_media":13639,"comment_status":"closed","ping_status":"closed","sticky":false,"template":"","format":"standard","meta":{"sfsi_plus_gutenberg_text_before_share":"","sfsi_plus_gutenberg_show_text_before_share":"","sfsi_plus_gutenberg_icon_type":"","sfsi_plus_gutenberg_icon_alignemt":"","sfsi_plus_gutenburg_max_per_row":"","footnotes":""},"categories":[11],"tags":[],"class_list":["post-71115","post","type-post","status-publish","format-standard","has-post-thumbnail","hentry","category-politica"],"_links":{"self":[{"href":"https:\/\/www.caririemacao.com\/1\/wp-json\/wp\/v2\/posts\/71115","targetHints":{"allow":["GET"]}}],"collection":[{"href":"https:\/\/www.caririemacao.com\/1\/wp-json\/wp\/v2\/posts"}],"about":[{"href":"https:\/\/www.caririemacao.com\/1\/wp-json\/wp\/v2\/types\/post"}],"author":[{"embeddable":true,"href":"https:\/\/www.caririemacao.com\/1\/wp-json\/wp\/v2\/users\/1"}],"replies":[{"embeddable":true,"href":"https:\/\/www.caririemacao.com\/1\/wp-json\/wp\/v2\/comments?post=71115"}],"version-history":[{"count":1,"href":"https:\/\/www.caririemacao.com\/1\/wp-json\/wp\/v2\/posts\/71115\/revisions"}],"predecessor-version":[{"id":71116,"href":"https:\/\/www.caririemacao.com\/1\/wp-json\/wp\/v2\/posts\/71115\/revisions\/71116"}],"wp:featuredmedia":[{"embeddable":true,"href":"https:\/\/www.caririemacao.com\/1\/wp-json\/wp\/v2\/media\/13639"}],"wp:attachment":[{"href":"https:\/\/www.caririemacao.com\/1\/wp-json\/wp\/v2\/media?parent=71115"}],"wp:term":[{"taxonomy":"category","embeddable":true,"href":"https:\/\/www.caririemacao.com\/1\/wp-json\/wp\/v2\/categories?post=71115"},{"taxonomy":"post_tag","embeddable":true,"href":"https:\/\/www.caririemacao.com\/1\/wp-json\/wp\/v2\/tags?post=71115"}],"curies":[{"name":"wp","href":"https:\/\/api.w.org\/{rel}","templated":true}]}}