{"id":71117,"date":"2018-11-06T12:12:57","date_gmt":"2018-11-06T15:12:57","guid":{"rendered":"http:\/\/www.caririemacao.com\/1\/?p=71117"},"modified":"2018-11-06T12:12:57","modified_gmt":"2018-11-06T15:12:57","slug":"dez-desembargadores-concorrem-ao-cargo-de-presidente-do-tribunal-de-justica-da-paraiba","status":"publish","type":"post","link":"https:\/\/www.caririemacao.com\/1\/2018\/11\/06\/dez-desembargadores-concorrem-ao-cargo-de-presidente-do-tribunal-de-justica-da-paraiba\/","title":{"rendered":"Dez desembargadores concorrem ao cargo de presidente do Tribunal de Justi\u00e7a da Para\u00edba"},"content":{"rendered":"<p>As inscri\u00e7\u00f5es para a disputa pelos cargos da Mesa Diretora do Tribunal de Justi\u00e7a da Para\u00edba (TJPB) para o bi\u00eanio 2019\/2020 foram encerradas com dez desembargadores na disputa pela presid\u00eancia,\u00a0nove para o cargo de vice-presidente e oito para o de corregedor-geral de Justi\u00e7a.\u00a0A elei\u00e7\u00e3o da Mesa Diretora do TJPB ser\u00e1 realizada no pr\u00f3ximo dia 14 de novembro, em sess\u00e3o administrativa que ser\u00e1 realizada \u00e0s 9h, no Pleno do Tribunal.<\/p>\n<p>De acordo com certid\u00e3o disponibilizada, nesta ter\u00e7a-feira (6), pelo chefe de gabinete da Presid\u00eancia do Tribunal, Marcos Feliciano Pereira Barbosa, os desembargadores M\u00e1rcio Murilo da Cunha Ramos, Arn\u00f3bio Alves Teod\u00f3sio, Jo\u00e3o Benedito da Silva, Leandro dos Santos, Saulo Henriques de S\u00e1 e Benevides, Frederico Martinho da N\u00f3brega Coutinho, Ricardo Vital de Almeida, Jo\u00e3o Alves da Silva, Oswaldo Trigueiro do Valle Filho e Maria das Gra\u00e7as Morais Guedes se inscreveram para concorrer ao cargo de presidente da Corte de Justi\u00e7a.<\/p>\n<p>A vice-presid\u00eancia do Tribunal ser\u00e1 disputada pelos desembargadores Leandro dos Santos, Saulo Henriques de S\u00e1 e Benevides, Frederico Martinho da N\u00f3brega Coutinho, Ricardo Vital de Almeida, Jo\u00e3o Alves da Silva, Oswaldo Trigueiro do Valle Filho, Maria das Gra\u00e7as Morais Guedes, Arn\u00f3bio Alves Teod\u00f3sio e Jos\u00e9 Aur\u00e9lio da Cruz.<\/p>\n<p>Para a Corregedoria-Geral de Justi\u00e7a, se inscreveram os desembargadores Romero Marcelo da Fonseca Oliveira, Leandro dos Santos, Saulo Henriques de S\u00e1 e Benevides, Frederico Martinho da N\u00f3brega Coutinho, Ricardo Vital de Almeida, Jo\u00e3o Alves da Silva, Oswaldo Trigueiro do Valle Filho e Maria das Gra\u00e7as Morais Guedes.<\/p>\n<p>O desembargador Marcos Cavalcanti pleiteou o cargo de diretor da Escola Superior da Magistratura (Esma) e os desembargadores Jos\u00e9 Aur\u00e9lio da Cruz, Arn\u00f3bio Alves Teod\u00f3sio e Marcos Cavalcanti est\u00e3o inscritos para o cargo de ouvidor-geral de Justi\u00e7a.<\/p>\n<h4>Regras da Elei\u00e7\u00e3o<\/h4>\n<p>De acordo com o artigo 23 do Regimento Interno do Tribunal de Justi\u00e7a, a elei\u00e7\u00e3o para preenchimento dos cargos da Mesa Diretora deve acontecer na primeira sess\u00e3o ordin\u00e1ria do m\u00eas de novembro anterior ao t\u00e9rmino dos mandatos. A vota\u00e7\u00e3o \u00e9 secreta e participam os membros efetivos do Tribunal.<\/p>\n<p>A sequ\u00eancia da vota\u00e7\u00e3o \u00e9 definida no \u00a7 1\u00ba do mesmo artigo: \u201cIniciada a elei\u00e7\u00e3o \u00e0s 9 horas, proceder-se-\u00e1 a tr\u00eas escrut\u00ednios, sendo o primeiro para escolha do presidente, o segundo do vice-presidente e o terceiro do corregedor-geral da Justi\u00e7a\u201d.<\/p>\n<p>Ap\u00f3s a elei\u00e7\u00e3o da Mesa Diretora, ser\u00e1 realizada, em escrut\u00ednio secreto, a elei\u00e7\u00e3o do diretor da Escola Superior da Magistratura, cuja posse se dar\u00e1, concomitantemente, \u00e0 posse da Mesa Diretora ou, a crit\u00e9rio do eleito, em data posterior. Haver\u00e1, tamb\u00e9m, a escolha para o cargo de ouvidor-geral de Justi\u00e7a.<\/p>\n<p style=\"text-align: right;\"><em><strong>Jornal da Para\u00edba\/Foto: Internet\u00a0<\/strong><\/em><\/p>\n","protected":false},"excerpt":{"rendered":"<p>As inscri\u00e7\u00f5es para a disputa pelos cargos da Mesa Diretora do Tribunal de Justi\u00e7a da Para\u00edba (TJPB) para o bi\u00eanio 2019\/2020 foram encerradas com dez&hellip; <\/p>\n","protected":false},"author":1,"featured_media":29984,"comment_status":"closed","ping_status":"closed","sticky":false,"template":"","format":"standard","meta":{"sfsi_plus_gutenberg_text_before_share":"","sfsi_plus_gutenberg_show_text_before_share":"","sfsi_plus_gutenberg_icon_type":"","sfsi_plus_gutenberg_icon_alignemt":"","sfsi_plus_gutenburg_max_per_row":"","footnotes":""},"categories":[1],"tags":[],"class_list":["post-71117","post","type-post","status-publish","format-standard","has-post-thumbnail","hentry","category-o-site"],"_links":{"self":[{"href":"https:\/\/www.caririemacao.com\/1\/wp-json\/wp\/v2\/posts\/71117","targetHints":{"allow":["GET"]}}],"collection":[{"href":"https:\/\/www.caririemacao.com\/1\/wp-json\/wp\/v2\/posts"}],"about":[{"href":"https:\/\/www.caririemacao.com\/1\/wp-json\/wp\/v2\/types\/post"}],"author":[{"embeddable":true,"href":"https:\/\/www.caririemacao.com\/1\/wp-json\/wp\/v2\/users\/1"}],"replies":[{"embeddable":true,"href":"https:\/\/www.caririemacao.com\/1\/wp-json\/wp\/v2\/comments?post=71117"}],"version-history":[{"count":1,"href":"https:\/\/www.caririemacao.com\/1\/wp-json\/wp\/v2\/posts\/71117\/revisions"}],"predecessor-version":[{"id":71118,"href":"https:\/\/www.caririemacao.com\/1\/wp-json\/wp\/v2\/posts\/71117\/revisions\/71118"}],"wp:featuredmedia":[{"embeddable":true,"href":"https:\/\/www.caririemacao.com\/1\/wp-json\/wp\/v2\/media\/29984"}],"wp:attachment":[{"href":"https:\/\/www.caririemacao.com\/1\/wp-json\/wp\/v2\/media?parent=71117"}],"wp:term":[{"taxonomy":"category","embeddable":true,"href":"https:\/\/www.caririemacao.com\/1\/wp-json\/wp\/v2\/categories?post=71117"},{"taxonomy":"post_tag","embeddable":true,"href":"https:\/\/www.caririemacao.com\/1\/wp-json\/wp\/v2\/tags?post=71117"}],"curies":[{"name":"wp","href":"https:\/\/api.w.org\/{rel}","templated":true}]}}