{"id":71119,"date":"2018-11-06T12:18:42","date_gmt":"2018-11-06T15:18:42","guid":{"rendered":"http:\/\/www.caririemacao.com\/1\/?p=71119"},"modified":"2018-11-06T12:18:42","modified_gmt":"2018-11-06T15:18:42","slug":"governo-rebate-criticas-por-exoneracoes-de-delegados-que-comandavam-operacao-cartola","status":"publish","type":"post","link":"https:\/\/www.caririemacao.com\/1\/2018\/11\/06\/governo-rebate-criticas-por-exoneracoes-de-delegados-que-comandavam-operacao-cartola\/","title":{"rendered":"Governo rebate cr\u00edticas por exonera\u00e7\u00f5es de delegados que comandavam Opera\u00e7\u00e3o Cartola"},"content":{"rendered":"<p>Quase uma semana depois de fazer uma s\u00e9rie de mudan\u00e7as no comando de delegacias da Para\u00edba, o governo do Estado resolveu se posicionar oficialmente sobre o assunto. Em nota, divulgada na noite de segunda-feira (5), a administra\u00e7\u00e3o que as exonera\u00e7\u00f5es de delegados tenham qualquer rela\u00e7\u00e3o com as investiga\u00e7\u00f5es da Opera\u00e7\u00e3o Cartola, que apura um esquema de manipula\u00e7\u00e3o de resultados no futebol paraibano. O governo, inclusive, divulgou um documento mostrando que a atua\u00e7\u00e3o da Pol\u00edcia Civil no caso foi encerrada h\u00e1 cinco meses.<\/p>\n<p>As exonera\u00e7\u00f5es dos delegados aconteceram no dia 31 de outubro e na lista dos que perderam os cargos estavam Lucas S\u00e1 e Vanderleia Gadi, respectivamente titular e adjunta, da Delegacia de Defrauda\u00e7\u00f5es e Falsifica\u00e7\u00f5es (DDF) de Jo\u00e3o Pessoa, respons\u00e1vel pela \u2018Cartola\u2019. A sa\u00edda deles foi anunciada tr\u00eas dias ap\u00f3s uma reportagem do programa \u2018Esporte Espetacular\u2019, da TV Globo, sobre a investiga\u00e7\u00e3o do esquema, que citava o governador.<\/p>\n<p>A mat\u00e9ria mostrada citava uma conversa do ex-diretor do Botafogo-PB Breno Morais com o ent\u00e3o presidente do clube, Zezinho do Botafogo, que dava a entender que Ricardo teria conhecimento das fraudes. Breno afirma que o governador teria dito que ele deveria ter comprado o juiz de uma partida entre Botafogo e Atl\u00e9tico-MG, v\u00e1lida pela Copa do Brasil. Logo ap\u00f3s a veicula\u00e7\u00e3o da reportagem, Ricardo negou qualquer interfer\u00eancia nos resultados dos jogos disputados na Para\u00edba.<\/p>\n<p>Na nota divulgada nesta segunda-feira, o governo afirma qua as investiga\u00e7\u00f5es da Cartola na Pol\u00edcia Civil foram iniciadas em junho de 2017 e encerradas em 5 de junho de 2018, bem antes da mudan\u00e7a nas delegacias. \u201c[\u00c9] criminosa e irrespons\u00e1vel qualquer insinua\u00e7\u00e3o apontando que a exonera\u00e7\u00e3o recente de delegados teve como objetivo interromper ou prejudicar investiga\u00e7\u00f5es da referida opera\u00e7\u00e3o\u201d.<\/p>\n<p>O governo apresentou uma certid\u00e3o assinada pelo delegado Jo\u00e3o Ricardo Franca, novo titular da DDF, que comprova o t\u00e9rmino das investiga\u00e7\u00f5es. Deixando claro que ap\u00f3s cinco inqu\u00e9ritos o material foi repassado ao Minist\u00e9rio P\u00fablico da Para\u00edba (MPPB).\u00a0<strong>(Clique e confira a\u00a0<a href=\"http:\/\/www.jornaldaparaiba.com.br\/app\/uploads\/2018\/11\/Certid%C3%A3o.pdf\" target=\"_blank\" rel=\"noopener\">certid\u00e3o apresentada pelo governo\u00a0<\/a>)<\/strong><\/p>\n<p>\u201cN\u00e3o h\u00e1, portanto, que se falar em interfer\u00eancia de quem quer que seja dentro do processo investigat\u00f3rio visto que ele foi desenvolvido ao longo de um ano sem qualquer apontamento sobre supostos obst\u00e1culos e conclu\u00eddo h\u00e1 mais de cinco meses, conforme aponta certid\u00e3o baseada em documentos oficiais, sem registro de eventuais \u00f3bices\u201d, destaca o governo.<\/p>\n<p>A nota enfatiza ainda que o governador Ricardo Coutinho n\u00e3o foi citado como parte do processo ou das investiga\u00e7\u00f5es em nenhuma das etapas . Ressaltou ainda que a exonera\u00e7\u00e3o de delegados ou de quaisquer servidores que exer\u00e7am cargo comissionado, \u00e9 uma praxe no processo de remanejamento de fun\u00e7\u00f5es.<\/p>\n<p>Exonerado da DDF, Lucas S\u00e1 virou adjunto da Delegacia de Roubos e Furtos de Ve\u00edculos e Cargas de Jo\u00e3o Pessoa, e Vanderleia Gadi passou a adjunta da Inf\u00e2ncia e Juventude de Jo\u00e3o Pessoa.<\/p>\n<p style=\"text-align: right;\"><em><strong>Jornal da Para\u00edba e Secom\/Foto: Reprodu\u00e7\u00e3o\u00a0<\/strong><\/em><\/p>\n","protected":false},"excerpt":{"rendered":"<p>Quase uma semana depois de fazer uma s\u00e9rie de mudan\u00e7as no comando de delegacias da Para\u00edba, o governo do Estado resolveu se posicionar oficialmente sobre&hellip; <\/p>\n","protected":false},"author":1,"featured_media":71120,"comment_status":"closed","ping_status":"closed","sticky":false,"template":"","format":"standard","meta":{"sfsi_plus_gutenberg_text_before_share":"","sfsi_plus_gutenberg_show_text_before_share":"","sfsi_plus_gutenberg_icon_type":"","sfsi_plus_gutenberg_icon_alignemt":"","sfsi_plus_gutenburg_max_per_row":"","footnotes":""},"categories":[2],"tags":[],"class_list":["post-71119","post","type-post","status-publish","format-standard","has-post-thumbnail","hentry","category-geral"],"_links":{"self":[{"href":"https:\/\/www.caririemacao.com\/1\/wp-json\/wp\/v2\/posts\/71119","targetHints":{"allow":["GET"]}}],"collection":[{"href":"https:\/\/www.caririemacao.com\/1\/wp-json\/wp\/v2\/posts"}],"about":[{"href":"https:\/\/www.caririemacao.com\/1\/wp-json\/wp\/v2\/types\/post"}],"author":[{"embeddable":true,"href":"https:\/\/www.caririemacao.com\/1\/wp-json\/wp\/v2\/users\/1"}],"replies":[{"embeddable":true,"href":"https:\/\/www.caririemacao.com\/1\/wp-json\/wp\/v2\/comments?post=71119"}],"version-history":[{"count":1,"href":"https:\/\/www.caririemacao.com\/1\/wp-json\/wp\/v2\/posts\/71119\/revisions"}],"predecessor-version":[{"id":71121,"href":"https:\/\/www.caririemacao.com\/1\/wp-json\/wp\/v2\/posts\/71119\/revisions\/71121"}],"wp:featuredmedia":[{"embeddable":true,"href":"https:\/\/www.caririemacao.com\/1\/wp-json\/wp\/v2\/media\/71120"}],"wp:attachment":[{"href":"https:\/\/www.caririemacao.com\/1\/wp-json\/wp\/v2\/media?parent=71119"}],"wp:term":[{"taxonomy":"category","embeddable":true,"href":"https:\/\/www.caririemacao.com\/1\/wp-json\/wp\/v2\/categories?post=71119"},{"taxonomy":"post_tag","embeddable":true,"href":"https:\/\/www.caririemacao.com\/1\/wp-json\/wp\/v2\/tags?post=71119"}],"curies":[{"name":"wp","href":"https:\/\/api.w.org\/{rel}","templated":true}]}}