{"id":71125,"date":"2018-11-06T12:47:47","date_gmt":"2018-11-06T15:47:47","guid":{"rendered":"http:\/\/www.caririemacao.com\/1\/?p=71125"},"modified":"2018-11-06T12:47:47","modified_gmt":"2018-11-06T15:47:47","slug":"fusao-de-ministerios-deve-influenciar-governos-estaduais","status":"publish","type":"post","link":"https:\/\/www.caririemacao.com\/1\/2018\/11\/06\/fusao-de-ministerios-deve-influenciar-governos-estaduais\/","title":{"rendered":"Fus\u00e3o de minist\u00e9rios deve influenciar governos estaduais"},"content":{"rendered":"<p>As fus\u00f5es de minist\u00e9rios do governo federal dever\u00e3o gerar impacto para os estados e poder\u00e3o ter repercuss\u00e3o na Para\u00edba. A avalia\u00e7\u00e3o \u00e9 do controlador-geral do Estado, Gilmar Martins, membro da comiss\u00e3o de transi\u00e7\u00e3o anunciada pelo governador eleito Jo\u00e3o Azev\u00eado (PSB). O grupo come\u00e7a a trabalhar na semana que vem, ap\u00f3s a chegada do gestor de viagem \u00e0 Europa. O tema fus\u00e3o, no entanto, ainda \u00e9 tratado com reserva. Tudo por que qualquer medida neste sentido depender\u00e1 ainda de avalia\u00e7\u00e3o do socialista. Atualmente, o governo da Para\u00edba possui 22 secretarias, al\u00e9m de v\u00e1rias autarquias.<\/p>\n<p>A proposta em discuss\u00e3o no cen\u00e1rio nacional \u00e9 ambiciosa: reduzir de 29 para no m\u00e1ximo 17 o n\u00famero de minist\u00e9rios. A promessa foi feita ainda durante a campanha pelo presidente eleito Jair Bolsonaro (PSL). Ele participa nesta ter\u00e7a-feira (6) da primeira reuni\u00e3o com o presidente Michel Temer (MDB) ap\u00f3s as elei\u00e7\u00f5es. Entre esbo\u00e7os poss\u00edveis e a viabilidade delas, muitas confus\u00f5es t\u00eam gerado discuss\u00f5es. Elas ocorrem tanto na \u00e1rea social quanto na econ\u00f4mica e tamb\u00e9m relacionada aos olhares para a \u00e1rea de Justi\u00e7a, pasta que dever\u00e1 ser comandada pelo ainda juiz federal S\u00e9rgio Moro.<\/p>\n<p>A pasta de Moro dever\u00e1 congregar, al\u00e9m da Justi\u00e7a, as atribui\u00e7\u00f5es hoje vinculadas aos minist\u00e9rios da\u00a0Seguran\u00e7a P\u00fablica, Transpar\u00eancia e Controladoria-Geral da Uni\u00e3o (CGU), al\u00e9m do\u00a0Coaf (Conselho de Atividades Financeiras). A equa\u00e7\u00e3o n\u00e3o \u00e9 f\u00e1cil. A previs\u00e3o de Gilmar Martins \u00e9 que, assim como ocorreu em governos anteriores, haja exig\u00eancias pelo governo federal de mudan\u00e7as nos estados como condi\u00e7\u00e3o para a libera\u00e7\u00e3o de recursos. \u201cHouve um tempo em que criou-se o Minist\u00e9rio dos Esportes. Na \u00e9poca, houve orienta\u00e7\u00e3o do governo federal de cria\u00e7\u00e3o de pastas espec\u00edficas nos Estados para viabilizar conv\u00eanios\u201d, ressaltou.<\/p>\n<p>Outros impactos poder\u00e3o ser vistos na fus\u00e3o de minist\u00e9rios tamb\u00e9m na \u00e1rea econ\u00f4mica, em decorr\u00eancia do pol\u00eamico Minist\u00e9rio da Economia. Ele deve congregar as fun\u00e7\u00f5es hoje executadas no \u00e2mbito das pastas da\u00a0Fazenda,\u00a0Planejamento e\u00a0Minist\u00e9rio do Desenvolvimento. S\u00e3o estudadas fus\u00f5es tamb\u00e9m dos minist\u00e9rios da\u00a0Educa\u00e7\u00e3o com Cultura e Esporte. Em outra ala, devem ser congregados\u00a0Transportes, Portos, Avia\u00e7\u00e3o Civil e Comunica\u00e7\u00f5es. Na \u00e1rea social, devem ser unidos em uma \u00fanica pasta\u00a0Desenvolvimento Social e Direitos Humanos.<\/p>\n<p><strong>Secretarias existentes no governo da Para\u00edba<\/strong><\/p>\n<p>Administra\u00e7\u00e3o<br \/>\nAdministra\u00e7\u00e3o Penitenci\u00e1ria<br \/>\nAgricultura Familiar e Desenvolvimento do Semi\u00e1rido<br \/>\nCasa Civil<br \/>\nComunica\u00e7\u00e3o Institucional<br \/>\nControladoria Geral<br \/>\nCultura<br \/>\nDesenvolvimento da Agropecu\u00e1ria e da Pesca<br \/>\nDesenvolvimento e Articula\u00e7\u00e3o Municipal<br \/>\nDesenvolvimento Humano<br \/>\nEduca\u00e7\u00e3o<br \/>\nEspecial do PAC<br \/>\nFinan\u00e7as<br \/>\nInfraestrutura, Recursos H\u00eddricos, Meio Ambiente e Ci\u00eancia e Tecnologia<br \/>\nJuventude, Esporte e Lazer<br \/>\nMulher e da Diversidade Humana<br \/>\nPlanejamento, Or\u00e7amento e Gest\u00e3o<br \/>\nProcuradoria Geral<br \/>\nReceita<br \/>\nSa\u00fade<br \/>\nSeguran\u00e7a e Defesa Social<br \/>\nTurismo e Desenvolvimento Econ\u00f4mico<\/p>\n<p style=\"text-align: right;\"><em><strong>Suetoni Maior\/Foto: Internet\u00a0\u00a0<\/strong><\/em><\/p>\n","protected":false},"excerpt":{"rendered":"<p>As fus\u00f5es de minist\u00e9rios do governo federal dever\u00e3o gerar impacto para os estados e poder\u00e3o ter repercuss\u00e3o na Para\u00edba. A avalia\u00e7\u00e3o \u00e9 do controlador-geral do&hellip; <\/p>\n","protected":false},"author":1,"featured_media":36627,"comment_status":"closed","ping_status":"closed","sticky":false,"template":"","format":"standard","meta":{"sfsi_plus_gutenberg_text_before_share":"","sfsi_plus_gutenberg_show_text_before_share":"","sfsi_plus_gutenberg_icon_type":"","sfsi_plus_gutenberg_icon_alignemt":"","sfsi_plus_gutenburg_max_per_row":"","footnotes":""},"categories":[11],"tags":[],"class_list":["post-71125","post","type-post","status-publish","format-standard","has-post-thumbnail","hentry","category-politica"],"_links":{"self":[{"href":"https:\/\/www.caririemacao.com\/1\/wp-json\/wp\/v2\/posts\/71125","targetHints":{"allow":["GET"]}}],"collection":[{"href":"https:\/\/www.caririemacao.com\/1\/wp-json\/wp\/v2\/posts"}],"about":[{"href":"https:\/\/www.caririemacao.com\/1\/wp-json\/wp\/v2\/types\/post"}],"author":[{"embeddable":true,"href":"https:\/\/www.caririemacao.com\/1\/wp-json\/wp\/v2\/users\/1"}],"replies":[{"embeddable":true,"href":"https:\/\/www.caririemacao.com\/1\/wp-json\/wp\/v2\/comments?post=71125"}],"version-history":[{"count":1,"href":"https:\/\/www.caririemacao.com\/1\/wp-json\/wp\/v2\/posts\/71125\/revisions"}],"predecessor-version":[{"id":71136,"href":"https:\/\/www.caririemacao.com\/1\/wp-json\/wp\/v2\/posts\/71125\/revisions\/71136"}],"wp:featuredmedia":[{"embeddable":true,"href":"https:\/\/www.caririemacao.com\/1\/wp-json\/wp\/v2\/media\/36627"}],"wp:attachment":[{"href":"https:\/\/www.caririemacao.com\/1\/wp-json\/wp\/v2\/media?parent=71125"}],"wp:term":[{"taxonomy":"category","embeddable":true,"href":"https:\/\/www.caririemacao.com\/1\/wp-json\/wp\/v2\/categories?post=71125"},{"taxonomy":"post_tag","embeddable":true,"href":"https:\/\/www.caririemacao.com\/1\/wp-json\/wp\/v2\/tags?post=71125"}],"curies":[{"name":"wp","href":"https:\/\/api.w.org\/{rel}","templated":true}]}}