{"id":71137,"date":"2018-11-06T12:56:13","date_gmt":"2018-11-06T15:56:13","guid":{"rendered":"http:\/\/www.caririemacao.com\/1\/?p=71137"},"modified":"2018-11-06T12:56:13","modified_gmt":"2018-11-06T15:56:13","slug":"candidatos-tem-ate-esta-terca-para-prestar-contas-veja-despesas-de-cada-um","status":"publish","type":"post","link":"https:\/\/www.caririemacao.com\/1\/2018\/11\/06\/candidatos-tem-ate-esta-terca-para-prestar-contas-veja-despesas-de-cada-um\/","title":{"rendered":"Candidatos t\u00eam at\u00e9 esta ter\u00e7a para prestar contas; veja despesas de cada um"},"content":{"rendered":"<p>Os partidos pol\u00edticos e os candidatos que disputaram as elei\u00e7\u00f5es deste ano t\u00eam at\u00e9 esta ter\u00e7a-feira (6) para apresentarem \u00e0 Justi\u00e7a eleitoral a\u00a0presta\u00e7\u00e3o de contas\u00a0final referente ao 1\u00ba turno do pleito. A obriga\u00e7\u00e3o \u00e9 prevista na Lei n\u00ba 9.504\/97 e se aplica aos \u00f3rg\u00e3os partid\u00e1rios, em todas as esferas, e a todos os candidatos que requereram o registro de candidatura.<\/p>\n<p>O candidato que renunciou \u00e0 candidatura, dela desistiu, foi substitu\u00eddo ou teve o registro indeferido pela Justi\u00e7a Eleitoral deve prestar contas em rela\u00e7\u00e3o ao per\u00edodo em que participou do processo eleitoral, mesmo que n\u00e3o tenha realizado campanha.<\/p>\n<p><strong>Candidatos<\/strong><\/p>\n<p>Este ano na Para\u00edba cinco candidatos concorreram ao governo do Estado:\u00a0<a href=\"https:\/\/portalcorreio.com.br\/joao-azevedo-e-o-novo-governador-da-paraiba\/\" target=\"_blank\" rel=\"noopener\">Jo\u00e3o Azev\u00eado\u00a0<\/a>(PSB); Luc\u00e9lio Cartaxo (PV); Jos\u00e9 Maranh\u00e3o (MDB), T\u00e1rcio Teixeira (PSOL) e Rama Dantas (PSTU).<\/p>\n<p>Levantamento feito pelo\u00a0<strong>Portal Correio<\/strong>, com base nos dados divulgados at\u00e9 as 9h30 desta ter\u00e7a-feira (6), pelo sistema Divulga Cand, da Justi\u00e7a eleitoral, apontou que o candidato Jos\u00e9 Maranh\u00e3o foi o que mais recebeu recursos durante a campanha. O emedebista declarou ter recebido o total de R$ 4.166.000,00.<\/p>\n<p>De acordo com os dados do Divulga Cand, o governador eleito Jo\u00e3o Azev\u00eado, do PSB, aparece com o segundo maior volume de recursos recebidos nas elei\u00e7\u00f5es. O socialista informou ter recebido pouco mais de R$ 3,8 milh\u00f5es.<\/p>\n<p>Na sequ\u00eancia, aparecem Luc\u00e9lio Cartaxo (PV), com R$1.520.036,59; T\u00e1rcio Teixeira (PSOL), com : R$29.591,07 e Rama Dantas (PSTU), com : R$ 3.665,00.<\/p>\n<p><strong>Confira quanto cada candidato gastou<\/strong><\/p>\n<p><strong>Jo\u00e3o Azev\u00eado (PSB)<\/strong><\/p>\n<p>Recursos recebidos: R$3.812.273,00<\/p>\n<p>Despesas contratadas: R$4.380.821,55<\/p>\n<p>Despesas pagas: R$3.615.102,96<\/p>\n<p><strong>Jos\u00e9 Maranh\u00e3o (MDB)<\/strong><\/p>\n<p>Recursos recebidos: R$4.166.000,00<\/p>\n<p>Despesas Contratadas: R$3.455.710,36<\/p>\n<p>Despesas pagas: R$1.145.321,01<\/p>\n<p><strong>Luc\u00e9lio Cartaxo (PV)<\/strong><\/p>\n<p>Recursos recebidos: R$1.520.036,59<\/p>\n<p>Despesas contratadas: R$ 0,00<\/p>\n<p>Despesas pagas: R$ 0,00<\/p>\n<p><strong>Rama Dantas (PSTU)<\/strong><\/p>\n<p>Recursos recebidos: R$ 3.665,00<\/p>\n<p>Despesas Contratadas: R$997,16<\/p>\n<p>Despesas pagas: R$997,16<\/p>\n<p><strong>T\u00e1rcio Teixeira (PSOL)<\/strong><\/p>\n<p>Recursos recebidos: R$29.591,07<\/p>\n<p>Despesas Contratadas: R$15.933,77<\/p>\n<p>Despesas pagas: \u00a0R$15.933,77<\/p>\n<p><strong>Documenta\u00e7\u00e3o deve ser entregue at\u00e9 as 19h<\/strong><\/p>\n<p>Os documentos comprobat\u00f3rios devem ser digitalizados e inseridos no SPCE, para que o sistema gere m\u00eddia eletr\u00f4nica a ser entregue, presencialmente, no Tribunal Regional Eleitoral da Para\u00edba (TRE-PB), at\u00e9 as 19h do dia 6 de novembro. A presta\u00e7\u00e3o de contas somente ser\u00e1 confirmada ap\u00f3s a entrega e valida\u00e7\u00e3o do arquivo de m\u00eddia no TRE-PB.<\/p>\n<p>Este ano as presta\u00e7\u00f5es de contas de candidatos e diret\u00f3rios estaduais ser\u00e3o totalmente integradas ao Processo Judicial Eletr\u00f4nico (PJe). Com isso, houve uma mudan\u00e7a no procedimento para a apresenta\u00e7\u00e3o das contas \u00e0 Justi\u00e7a Eleitoral.<\/p>\n<p>Inicialmente, as informa\u00e7\u00f5es sobre receitas e despesas de campanha devem ser lan\u00e7adas no Sistema de Presta\u00e7\u00e3o de Contas Eleitoral (SPCE) e transmitidas pela internet. Em seguida, os documentos comprobat\u00f3rios devem ser digitalizados e inseridos no SPCE, para que o sistema gere m\u00eddia eletr\u00f4nica a ser entregue, presencialmente, no Tribunal Regional Eleitoral da Para\u00edba (TRE-PB), at\u00e9 as 19h do dia 6 de novembro. A presta\u00e7\u00e3o de contas somente ser\u00e1 confirmada ap\u00f3s a entrega e valida\u00e7\u00e3o do arquivo de m\u00eddia no TRE-PB.<\/p>\n<p>A fim de evitar transtornos comuns \u00e0 entrega da presta\u00e7\u00e3o de contas no prazo limite, e considerando a possibilidade de apresenta\u00e7\u00e3o de arquivos fora do padr\u00e3o exigido ou com problemas que impe\u00e7am a sua valida\u00e7\u00e3o, o que exigiria a apresenta\u00e7\u00e3o de nova m\u00eddia, recomenda-se a apresenta\u00e7\u00e3o das contas antes do prazo final. Para tanto, o TRE-PB funcionar\u00e1 em regime de plant\u00e3o entre os dias 1\u00ba a 4 de novembro, das 15h \u00e0s 19h.<\/p>\n<p>J\u00e1 os \u00f3rg\u00e3os partid\u00e1rios municipais, mesmo na hip\u00f3tese de aus\u00eancia de movimenta\u00e7\u00e3o de recursos, dever\u00e3o encaminhar a presta\u00e7\u00e3o de contas de campanha diretamente \u00e0 Zona Eleitoral competente, mediante envio dos dados pela internet e apresenta\u00e7\u00e3o f\u00edsica dos documentos comprobat\u00f3rios, observando-se o hor\u00e1rio de expediente do Cart\u00f3rio Eleitoral.<\/p>\n<p><strong>Transpar\u00eancia<\/strong><\/p>\n<p>Toda a documenta\u00e7\u00e3o entregue \u00e0 Justi\u00e7a Eleitoral ser\u00e1 disponibilizada na \u00edntegra para consulta p\u00fablica no\u00a0<a href=\"http:\/\/www.tse.jus.br\/eleicoes\/eleicoes-2018\/prestacao-de-contas-1\/consulta-publica-aos-documentos-comprobatorios-das-prestacoes-de-contas-eleicoes-2018-1\">Portal do TSE<\/a>. A medida permitir\u00e1 que candidatos, partidos, imprensa, \u00f3rg\u00e3os de fiscaliza\u00e7\u00e3o do Estado e qualquer cidad\u00e3o possam ter acesso aos documentos comprobat\u00f3rios das presta\u00e7\u00f5es de contas.<\/p>\n<div class=\"td-a-rec td-a-rec-id-content_bottom  td_uid_1_5be190fb42077_rand td_block_template_1\">\n<div id=\"div-gpt-ad-1510753744454-4\" data-google-query-id=\"CIWB4eaLwN4CFQV0wQod8HcLKA\"><\/div>\n<\/div>\n","protected":false},"excerpt":{"rendered":"<p>Os partidos pol\u00edticos e os candidatos que disputaram as elei\u00e7\u00f5es deste ano t\u00eam at\u00e9 esta ter\u00e7a-feira (6) para apresentarem \u00e0 Justi\u00e7a eleitoral a\u00a0presta\u00e7\u00e3o de contas\u00a0final&hellip; <\/p>\n","protected":false},"author":1,"featured_media":71138,"comment_status":"closed","ping_status":"closed","sticky":false,"template":"","format":"standard","meta":{"sfsi_plus_gutenberg_text_before_share":"","sfsi_plus_gutenberg_show_text_before_share":"","sfsi_plus_gutenberg_icon_type":"","sfsi_plus_gutenberg_icon_alignemt":"","sfsi_plus_gutenburg_max_per_row":"","footnotes":""},"categories":[11],"tags":[],"class_list":["post-71137","post","type-post","status-publish","format-standard","has-post-thumbnail","hentry","category-politica"],"_links":{"self":[{"href":"https:\/\/www.caririemacao.com\/1\/wp-json\/wp\/v2\/posts\/71137","targetHints":{"allow":["GET"]}}],"collection":[{"href":"https:\/\/www.caririemacao.com\/1\/wp-json\/wp\/v2\/posts"}],"about":[{"href":"https:\/\/www.caririemacao.com\/1\/wp-json\/wp\/v2\/types\/post"}],"author":[{"embeddable":true,"href":"https:\/\/www.caririemacao.com\/1\/wp-json\/wp\/v2\/users\/1"}],"replies":[{"embeddable":true,"href":"https:\/\/www.caririemacao.com\/1\/wp-json\/wp\/v2\/comments?post=71137"}],"version-history":[{"count":1,"href":"https:\/\/www.caririemacao.com\/1\/wp-json\/wp\/v2\/posts\/71137\/revisions"}],"predecessor-version":[{"id":71139,"href":"https:\/\/www.caririemacao.com\/1\/wp-json\/wp\/v2\/posts\/71137\/revisions\/71139"}],"wp:featuredmedia":[{"embeddable":true,"href":"https:\/\/www.caririemacao.com\/1\/wp-json\/wp\/v2\/media\/71138"}],"wp:attachment":[{"href":"https:\/\/www.caririemacao.com\/1\/wp-json\/wp\/v2\/media?parent=71137"}],"wp:term":[{"taxonomy":"category","embeddable":true,"href":"https:\/\/www.caririemacao.com\/1\/wp-json\/wp\/v2\/categories?post=71137"},{"taxonomy":"post_tag","embeddable":true,"href":"https:\/\/www.caririemacao.com\/1\/wp-json\/wp\/v2\/tags?post=71137"}],"curies":[{"name":"wp","href":"https:\/\/api.w.org\/{rel}","templated":true}]}}