{"id":71140,"date":"2018-11-06T13:03:50","date_gmt":"2018-11-06T16:03:50","guid":{"rendered":"http:\/\/www.caririemacao.com\/1\/?p=71140"},"modified":"2018-11-06T13:03:50","modified_gmt":"2018-11-06T16:03:50","slug":"diocese-de-campina-grande-promove-seminario-beneficente-sobre-dia-mundial-dos-pobres","status":"publish","type":"post","link":"https:\/\/www.caririemacao.com\/1\/2018\/11\/06\/diocese-de-campina-grande-promove-seminario-beneficente-sobre-dia-mundial-dos-pobres\/","title":{"rendered":"Diocese de Campina Grande promove semin\u00e1rio beneficente sobre &#8216;Dia Mundial dos Pobres&#8217;"},"content":{"rendered":"<div class=\"mc-column content-text active-extra-styles active-capital-letter\" data-block-type=\"unstyled\" data-block-weight=\"60\" data-block-id=\"2\">\n<p class=\"content-text__container theme-color-primary-first-letter\" data-track-category=\"Link no Texto\" data-track-links=\"\">A Diocese de Campina Grande promove nesta ter\u00e7a-feira (6) um semin\u00e1rio beneficente sobre o &#8216;Dia Mundial dos Pobres&#8217;. O evento acontece \u00e0s 19h30, na sede da Fiep. O tema do semin\u00e1rio, que conta com representantes da comunidade cat\u00f3lica, \u00e9 \u201cEste pobre clama e o Senhor escuta\u201d. A entrada \u00e9 feita atrav\u00e9s da doa\u00e7\u00e3o de 1 kg de alimento n\u00e3o perec\u00edvel.<\/p>\n<\/div>\n<div class=\"wall protected-content\">\n<div class=\"mc-column content-text active-extra-styles \" data-block-type=\"unstyled\" data-block-weight=\"37\" data-block-id=\"3\">\n<p class=\"content-text__container \" data-track-category=\"Link no Texto\" data-track-links=\"\">Os conferencistas convidados s\u00e3o: Dom Dulc\u00eanio Fontes, Bispo de Campina Grande; Dom Eg\u00eddio Bisol, Bispo de Afogados da Ingazeira \u2013 PE; Prof. Dr. Assis Moura, e o Pe. S\u00e9rgio Leite, Vig\u00e1rio Episcopal para Caridade, Justi\u00e7a e Paz.<\/p>\n<\/div>\n<div class=\"mc-column content-text active-extra-styles \" data-block-type=\"unstyled\" data-block-weight=\"54\" data-block-id=\"4\">\n<p class=\"content-text__container \" data-track-category=\"Link no Texto\" data-track-links=\"\">O tema foi divulgado no dia 13 de junho, na mem\u00f3ria lit\u00fargica de Santo Ant\u00f4nio de Lisboa, por meio de mensagem publicada pelo Papa Francisco, que instituiu o terceiro domingo de novembro como Dia Mundial dos Pobres por meio da carta apost\u00f3lica \u201cMiseric\u00f3rdia et Misera\u201d, no encerramento do Ano Santo da Miseric\u00f3rdia, em 2016.<\/p>\n<\/div>\n<div data-track-category=\"fim do conteudo\" data-track-action=\"ultimo chunk conteudo\" data-track-noninteraction=\"false\" data-track-scroll=\"entrada completa viewport\">\n<div class=\"mc-column content-text active-extra-styles \" data-block-type=\"unstyled\" data-block-weight=\"10\" data-block-id=\"5\">\n<p class=\"content-text__container \" data-track-category=\"Link no Texto\" data-track-links=\"\">Outras informa\u00e7\u00f5es podem ser obtidas atrav\u00e9s do telefone: (83) 99929-2313.<\/p>\n<p style=\"text-align: right;\" data-track-category=\"Link no Texto\" data-track-links=\"\"><em><strong>G1PB\/Foto: Reprodu\u00e7\u00e3o\u00a0<\/strong><\/em><\/p>\n<\/div>\n<\/div>\n<\/div>\n","protected":false},"excerpt":{"rendered":"<p>A Diocese de Campina Grande promove nesta ter\u00e7a-feira (6) um semin\u00e1rio beneficente sobre o &#8216;Dia Mundial dos Pobres&#8217;. O evento acontece \u00e0s 19h30, na sede&hellip; <\/p>\n","protected":false},"author":1,"featured_media":71141,"comment_status":"closed","ping_status":"closed","sticky":false,"template":"","format":"standard","meta":{"sfsi_plus_gutenberg_text_before_share":"","sfsi_plus_gutenberg_show_text_before_share":"","sfsi_plus_gutenberg_icon_type":"","sfsi_plus_gutenberg_icon_alignemt":"","sfsi_plus_gutenburg_max_per_row":"","footnotes":""},"categories":[2],"tags":[],"class_list":["post-71140","post","type-post","status-publish","format-standard","has-post-thumbnail","hentry","category-geral"],"_links":{"self":[{"href":"https:\/\/www.caririemacao.com\/1\/wp-json\/wp\/v2\/posts\/71140","targetHints":{"allow":["GET"]}}],"collection":[{"href":"https:\/\/www.caririemacao.com\/1\/wp-json\/wp\/v2\/posts"}],"about":[{"href":"https:\/\/www.caririemacao.com\/1\/wp-json\/wp\/v2\/types\/post"}],"author":[{"embeddable":true,"href":"https:\/\/www.caririemacao.com\/1\/wp-json\/wp\/v2\/users\/1"}],"replies":[{"embeddable":true,"href":"https:\/\/www.caririemacao.com\/1\/wp-json\/wp\/v2\/comments?post=71140"}],"version-history":[{"count":1,"href":"https:\/\/www.caririemacao.com\/1\/wp-json\/wp\/v2\/posts\/71140\/revisions"}],"predecessor-version":[{"id":71142,"href":"https:\/\/www.caririemacao.com\/1\/wp-json\/wp\/v2\/posts\/71140\/revisions\/71142"}],"wp:featuredmedia":[{"embeddable":true,"href":"https:\/\/www.caririemacao.com\/1\/wp-json\/wp\/v2\/media\/71141"}],"wp:attachment":[{"href":"https:\/\/www.caririemacao.com\/1\/wp-json\/wp\/v2\/media?parent=71140"}],"wp:term":[{"taxonomy":"category","embeddable":true,"href":"https:\/\/www.caririemacao.com\/1\/wp-json\/wp\/v2\/categories?post=71140"},{"taxonomy":"post_tag","embeddable":true,"href":"https:\/\/www.caririemacao.com\/1\/wp-json\/wp\/v2\/tags?post=71140"}],"curies":[{"name":"wp","href":"https:\/\/api.w.org\/{rel}","templated":true}]}}