{"id":71143,"date":"2018-11-06T13:10:39","date_gmt":"2018-11-06T16:10:39","guid":{"rendered":"http:\/\/www.caririemacao.com\/1\/?p=71143"},"modified":"2018-11-06T13:10:39","modified_gmt":"2018-11-06T16:10:39","slug":"casa-civil-divulga-equipe-de-transicao-lista-inclui-tres-ministros","status":"publish","type":"post","link":"https:\/\/www.caririemacao.com\/1\/2018\/11\/06\/casa-civil-divulga-equipe-de-transicao-lista-inclui-tres-ministros\/","title":{"rendered":"Casa Civil divulga equipe de transi\u00e7\u00e3o; lista inclui tr\u00eas ministros"},"content":{"rendered":"<p style=\"text-align: left;\">A Casa Civil oficializou ontem, 27 nomes indicados para a equipe de transi\u00e7\u00e3o do novo governo de Jair Bolsonaro (PSL). As nomea\u00e7\u00f5es est\u00e3o em edi\u00e7\u00e3o extra do Di\u00e1rio Oficial da Uni\u00e3o, que circulou \u00e0 tarde. Dos 27 nomes que constam da lista, 22 s\u00e3o indicados pela transi\u00e7\u00e3o e cinco pelo governo de Michel Temer, por j\u00e1 serem servidores p\u00fablicos. At\u00e9 o momento, a equipe de transi\u00e7\u00e3o n\u00e3o tem mulheres.<\/p>\n<p>Entre os nomeados para a equipe que comandar\u00e1 a transi\u00e7\u00e3o est\u00e3o Paulo Guedes, futuro ministro da Economia; Marcos Pontes, j\u00e1 confirmado no Minist\u00e9rio de Ci\u00eancia e Tecnologia; e o general Augusto Heleno, que assumir\u00e1 a Defesa.<\/p>\n<p>Na lista ainda h\u00e1 outros nomes ligados \u00e0 equipe que tem trabalhado com Guedes nas propostas econ\u00f4micas. S\u00e3o eles: Arthur Bragan\u00e7a de Vasconcelos Weintraub, Roberto da Cunha Castello Branco, Carlos Von Doellinger, Carlos Alexandre Jorge da Costa, Abraham Bragan\u00e7a de Vasconcelos Weintraub. Ir\u00e3o ainda compor a equipe de transi\u00e7\u00e3o na \u00e1rea econ\u00f4mica os j\u00e1 servidores Alexandre Xavier Ywata de Carvalho, Waldery Rodrigues Junior, Adolfo Sachsida e Marcos Cintra Cavalcanti de Albuquerque.<\/p>\n<p>Pablo Ant\u00f4nio Fernando Tatim dos Santos foi designado para assessorar o ministro extraordin\u00e1rio, j\u00e1 nomeado em ato publicado hoje, Onyx Lorenzoni, coordenador da equipe de transi\u00e7\u00e3o do presidente da Rep\u00fablica eleito.<\/p>\n<p>Ainda constam da lista de nomea\u00e7\u00f5es os nomes de Marcos Aur\u00e9lio Carvalho, Paulo Roberto, Luciano Irineu de Castro Filho, Paulo Ant\u00f4nio Spencer Uebel, Gustavo Bebianno Rocha, Gulliem Charles Bezerra Lemos, (Julian Lemos) Eduardo Chaves Vieira, Luiz Tadeu Vilela Blumm, Bruno Eust\u00e1quio Ferreira Castro de Carvalho, S\u00e9rgio Augusto de Queiroz, Ant\u00f4nio Fl\u00e1vio Testa, Waldemar Gon\u00e7alves Ortunho Junior, Jonathas Assun\u00e7\u00e3o Salvador Nery de castro e Ismael Nobre.<\/p>\n<p style=\"text-align: right;\"><em><b>Camisa Dez\/Foto: Internet\u00a0<\/b><\/em><\/p>\n","protected":false},"excerpt":{"rendered":"<p>A Casa Civil oficializou ontem, 27 nomes indicados para a equipe de transi\u00e7\u00e3o do novo governo de Jair Bolsonaro (PSL). As nomea\u00e7\u00f5es est\u00e3o em edi\u00e7\u00e3o&hellip; <\/p>\n","protected":false},"author":1,"featured_media":71144,"comment_status":"closed","ping_status":"closed","sticky":false,"template":"","format":"standard","meta":{"sfsi_plus_gutenberg_text_before_share":"","sfsi_plus_gutenberg_show_text_before_share":"","sfsi_plus_gutenberg_icon_type":"","sfsi_plus_gutenberg_icon_alignemt":"","sfsi_plus_gutenburg_max_per_row":"","footnotes":""},"categories":[11],"tags":[],"class_list":["post-71143","post","type-post","status-publish","format-standard","has-post-thumbnail","hentry","category-politica"],"_links":{"self":[{"href":"https:\/\/www.caririemacao.com\/1\/wp-json\/wp\/v2\/posts\/71143","targetHints":{"allow":["GET"]}}],"collection":[{"href":"https:\/\/www.caririemacao.com\/1\/wp-json\/wp\/v2\/posts"}],"about":[{"href":"https:\/\/www.caririemacao.com\/1\/wp-json\/wp\/v2\/types\/post"}],"author":[{"embeddable":true,"href":"https:\/\/www.caririemacao.com\/1\/wp-json\/wp\/v2\/users\/1"}],"replies":[{"embeddable":true,"href":"https:\/\/www.caririemacao.com\/1\/wp-json\/wp\/v2\/comments?post=71143"}],"version-history":[{"count":1,"href":"https:\/\/www.caririemacao.com\/1\/wp-json\/wp\/v2\/posts\/71143\/revisions"}],"predecessor-version":[{"id":71145,"href":"https:\/\/www.caririemacao.com\/1\/wp-json\/wp\/v2\/posts\/71143\/revisions\/71145"}],"wp:featuredmedia":[{"embeddable":true,"href":"https:\/\/www.caririemacao.com\/1\/wp-json\/wp\/v2\/media\/71144"}],"wp:attachment":[{"href":"https:\/\/www.caririemacao.com\/1\/wp-json\/wp\/v2\/media?parent=71143"}],"wp:term":[{"taxonomy":"category","embeddable":true,"href":"https:\/\/www.caririemacao.com\/1\/wp-json\/wp\/v2\/categories?post=71143"},{"taxonomy":"post_tag","embeddable":true,"href":"https:\/\/www.caririemacao.com\/1\/wp-json\/wp\/v2\/tags?post=71143"}],"curies":[{"name":"wp","href":"https:\/\/api.w.org\/{rel}","templated":true}]}}