{"id":71146,"date":"2018-11-06T13:27:33","date_gmt":"2018-11-06T16:27:33","guid":{"rendered":"http:\/\/www.caririemacao.com\/1\/?p=71146"},"modified":"2018-11-06T13:27:33","modified_gmt":"2018-11-06T16:27:33","slug":"prorrogadas-inscricoes-em-concurso-com-135-vagas-na-paraiba","status":"publish","type":"post","link":"https:\/\/www.caririemacao.com\/1\/2018\/11\/06\/prorrogadas-inscricoes-em-concurso-com-135-vagas-na-paraiba\/","title":{"rendered":"Prorrogadas inscri\u00e7\u00f5es em concurso com 135 vagas na Para\u00edba"},"content":{"rendered":"<p>A Prefeitura de S\u00e3o Bento prorrogou para domingo (11) as inscri\u00e7\u00f5es do concurso p\u00fablico que oferta 135 vagas em cargos de todos os n\u00edveis de escolaridade. As remunera\u00e7\u00f5es variam de R$ 954 a R$ 2.245,22.<\/p>\n<p>De acordo com o edital, as provas objetivas est\u00e3o previstas para o dia 2 de dezembro. Na semana seguinte ao encerramento das inscri\u00e7\u00f5es, a empresa organizadora ir\u00e1 divulgar a concorr\u00eancia do concurso. Das 135 vagas ofertadas, 18 s\u00e3o reservadas a pessoas com defici\u00eancia.<\/p>\n<p>Os interessados podem realizar a inscri\u00e7\u00e3o exclusivamente pela internet, no site da organizadora. As taxas custam R$ 55 (n\u00edvel fundamental), R$ 70 (n\u00edvel m\u00e9dio e t\u00e9cnico) e R$ 90 (n\u00edvel superior). O concurso tem validade de dois anos, podendo ser prorrogado por igual per\u00edodo.<\/p>\n<p>Vagas<br \/>\nH\u00e1 vagas para agente de mobilidade urbana, assistente social, agente de portaria, assistente de sala de aula, assistente de servi\u00e7os, digitador, biom\u00e9dico, cozinheiro, enfermeiro, engenheiro ambiental, engenheiro civil, engenheiro florestal, fiscal ambiental, fiscal de obras, fiscal de tributos, fisioterapeuta, m\u00e9dico-cardiologista, m\u00e9dico-cirurgi\u00e3o geral, m\u00e9dico-cl\u00ednico geral-USF, m\u00e9dico-endocrinologista, m\u00e9dico-gastroenterologista, m\u00e9dico-ginecologista, m\u00e9dico-infectologista, m\u00e9dico-pediatra, m\u00e9dico-psiquiatra, m\u00e9dico-urologista, motorista \u2013 categoria B, motorista \u2013 categoria D, nutricionista, odont\u00f3logo, t\u00e9cnico em enfermagem, t\u00e9cnico em enfermagem \u2013 imunizador e vigilante.<\/p>\n<p style=\"text-align: right;\">\n<p><em><strong>Portal Correio\/Foto: Internet\u00a0<\/strong><\/em><\/p>\n","protected":false},"excerpt":{"rendered":"<p>A Prefeitura de S\u00e3o Bento prorrogou para domingo (11) as inscri\u00e7\u00f5es do concurso p\u00fablico que oferta 135 vagas em cargos de todos os n\u00edveis de&hellip; <\/p>\n","protected":false},"author":1,"featured_media":69253,"comment_status":"closed","ping_status":"closed","sticky":false,"template":"","format":"standard","meta":{"sfsi_plus_gutenberg_text_before_share":"","sfsi_plus_gutenberg_show_text_before_share":"","sfsi_plus_gutenberg_icon_type":"","sfsi_plus_gutenberg_icon_alignemt":"","sfsi_plus_gutenburg_max_per_row":"","footnotes":""},"categories":[2],"tags":[],"class_list":["post-71146","post","type-post","status-publish","format-standard","has-post-thumbnail","hentry","category-geral"],"_links":{"self":[{"href":"https:\/\/www.caririemacao.com\/1\/wp-json\/wp\/v2\/posts\/71146","targetHints":{"allow":["GET"]}}],"collection":[{"href":"https:\/\/www.caririemacao.com\/1\/wp-json\/wp\/v2\/posts"}],"about":[{"href":"https:\/\/www.caririemacao.com\/1\/wp-json\/wp\/v2\/types\/post"}],"author":[{"embeddable":true,"href":"https:\/\/www.caririemacao.com\/1\/wp-json\/wp\/v2\/users\/1"}],"replies":[{"embeddable":true,"href":"https:\/\/www.caririemacao.com\/1\/wp-json\/wp\/v2\/comments?post=71146"}],"version-history":[{"count":1,"href":"https:\/\/www.caririemacao.com\/1\/wp-json\/wp\/v2\/posts\/71146\/revisions"}],"predecessor-version":[{"id":71150,"href":"https:\/\/www.caririemacao.com\/1\/wp-json\/wp\/v2\/posts\/71146\/revisions\/71150"}],"wp:featuredmedia":[{"embeddable":true,"href":"https:\/\/www.caririemacao.com\/1\/wp-json\/wp\/v2\/media\/69253"}],"wp:attachment":[{"href":"https:\/\/www.caririemacao.com\/1\/wp-json\/wp\/v2\/media?parent=71146"}],"wp:term":[{"taxonomy":"category","embeddable":true,"href":"https:\/\/www.caririemacao.com\/1\/wp-json\/wp\/v2\/categories?post=71146"},{"taxonomy":"post_tag","embeddable":true,"href":"https:\/\/www.caririemacao.com\/1\/wp-json\/wp\/v2\/tags?post=71146"}],"curies":[{"name":"wp","href":"https:\/\/api.w.org\/{rel}","templated":true}]}}