{"id":71149,"date":"2018-11-06T13:32:51","date_gmt":"2018-11-06T16:32:51","guid":{"rendered":"http:\/\/www.caririemacao.com\/1\/?p=71149"},"modified":"2018-11-06T13:32:51","modified_gmt":"2018-11-06T16:32:51","slug":"tiao-gomes-defende-consenso-para-chapa-unica-governista-e-destaca-adriano-galdino-como-melhor-opcao","status":"publish","type":"post","link":"https:\/\/www.caririemacao.com\/1\/2018\/11\/06\/tiao-gomes-defende-consenso-para-chapa-unica-governista-e-destaca-adriano-galdino-como-melhor-opcao\/","title":{"rendered":"Ti\u00e3o Gomes defende consenso para chapa \u00fanica governista e destaca Adriano Galdino como melhor op\u00e7\u00e3o"},"content":{"rendered":"<p>O deputado estadual Ti\u00e3o Gomes (Avante) defendeu, nesta ter\u00e7a-feira (6), a candidatura com chapa \u00fanica governista tendo o nome de Adriano Galdino (PSB) para a Presid\u00eancia da Assembleia Legislativa da Para\u00edba (ALPB). Ele disse que deve haver consenso e que Adriano foi um bom presidente para todos dentro da Casa.<\/p>\n<p>\u201cDisputa eu acho que tem que existir, s\u00f3 que nosso grupo defende a candidatura de Adriano Galdino. Ele j\u00e1 foi presidente, um dos mais votados do PSB, amigo de Ricardo, amigo de Jo\u00e3o, amigo nosso. Ent\u00e3o n\u00e3o temos do que reclamar. Adriano \u00e9 o candidato do governo e de Ricardo, \u00e9 o candidato da Assembleia Legislativa, \u00e9 o nosso candidato\u201d, respondeu ao ClickPB.<\/p>\n<p>Ele falou sobre como opinou o governador eleito, Jo\u00e3o Azevedo (PSB), sobre as candidaturas na ALPB. \u201cN\u00f3s estivemos com Jo\u00e3o e ele referenciou o seguinte: quem tiver maioria dentro do grupo da coliga\u00e7\u00e3o do PSB, seria o candidato. Ent\u00e3o, somente dentro da bancada, dos 22 n\u00f3s temos 15 (apoiando Adriano) e n\u00f3s temos quase toda a oposi\u00e7\u00e3o. Porque Adriano foi um presidente diferenciado, ele foi amigo de todo mundo. N\u00e3o queremos \u2018jogar pedra\u2019 em ningu\u00e9m. Mas n\u00f3s acreditamos em Adriano.\u201d<\/p>\n<p>Ti\u00e3o Gomes disse mais. \u201cN\u00e3o \u00e9 que n\u00e3o possamos discutir sobre outros candidatos, mas n\u00f3s temos uma posi\u00e7\u00e3o e aqueles 15 que assinaram aquele documento com Adriano eles est\u00e3o convictos que n\u00f3s vamos eleger o pr\u00f3ximo presidente da Assembleia, com apoio do governo, com apoio de Jo\u00e3o, de Ricardo e da Assembleia.\u201d<\/p>\n<p>O parlamentar respondeu se essa ser\u00e1 uma elei\u00e7\u00e3o homologat\u00f3ria. \u201cN\u00e3o, pois pode haver diverg\u00eancia sobre os outros cargos. Mas, para presidente, n\u00f3s estamos certos de que o nome de Adriano congrega e une e \u00e9 o que n\u00f3s queremos. Isso se torna mais f\u00e1cil, tanto para o governo, quanto para a Assembleia. O melhor seria o consenso e o consenso quer que aquele que tiver em melhores condi\u00e7\u00f5es seja o candidato.\u201d<\/p>\n<p>Ti\u00e3o Gomes defendeu tamb\u00e9m que seja dada, nos outros cargos, oportunidade para v\u00e1rios partidos.<\/p>\n<p>&nbsp;<\/p>\n<p>Click PB<\/p>\n","protected":false},"excerpt":{"rendered":"<p>O deputado estadual Ti\u00e3o Gomes (Avante) defendeu, nesta ter\u00e7a-feira (6), a candidatura com chapa \u00fanica governista tendo o nome de Adriano Galdino (PSB) para a&hellip; <\/p>\n","protected":false},"author":1,"featured_media":71154,"comment_status":"closed","ping_status":"closed","sticky":false,"template":"","format":"standard","meta":{"sfsi_plus_gutenberg_text_before_share":"","sfsi_plus_gutenberg_show_text_before_share":"","sfsi_plus_gutenberg_icon_type":"","sfsi_plus_gutenberg_icon_alignemt":"","sfsi_plus_gutenburg_max_per_row":"","footnotes":""},"categories":[1],"tags":[],"class_list":["post-71149","post","type-post","status-publish","format-standard","has-post-thumbnail","hentry","category-o-site"],"_links":{"self":[{"href":"https:\/\/www.caririemacao.com\/1\/wp-json\/wp\/v2\/posts\/71149","targetHints":{"allow":["GET"]}}],"collection":[{"href":"https:\/\/www.caririemacao.com\/1\/wp-json\/wp\/v2\/posts"}],"about":[{"href":"https:\/\/www.caririemacao.com\/1\/wp-json\/wp\/v2\/types\/post"}],"author":[{"embeddable":true,"href":"https:\/\/www.caririemacao.com\/1\/wp-json\/wp\/v2\/users\/1"}],"replies":[{"embeddable":true,"href":"https:\/\/www.caririemacao.com\/1\/wp-json\/wp\/v2\/comments?post=71149"}],"version-history":[{"count":1,"href":"https:\/\/www.caririemacao.com\/1\/wp-json\/wp\/v2\/posts\/71149\/revisions"}],"predecessor-version":[{"id":71155,"href":"https:\/\/www.caririemacao.com\/1\/wp-json\/wp\/v2\/posts\/71149\/revisions\/71155"}],"wp:featuredmedia":[{"embeddable":true,"href":"https:\/\/www.caririemacao.com\/1\/wp-json\/wp\/v2\/media\/71154"}],"wp:attachment":[{"href":"https:\/\/www.caririemacao.com\/1\/wp-json\/wp\/v2\/media?parent=71149"}],"wp:term":[{"taxonomy":"category","embeddable":true,"href":"https:\/\/www.caririemacao.com\/1\/wp-json\/wp\/v2\/categories?post=71149"},{"taxonomy":"post_tag","embeddable":true,"href":"https:\/\/www.caririemacao.com\/1\/wp-json\/wp\/v2\/tags?post=71149"}],"curies":[{"name":"wp","href":"https:\/\/api.w.org\/{rel}","templated":true}]}}