{"id":71151,"date":"2018-11-06T13:31:26","date_gmt":"2018-11-06T16:31:26","guid":{"rendered":"http:\/\/www.caririemacao.com\/1\/?p=71151"},"modified":"2018-11-06T13:31:26","modified_gmt":"2018-11-06T16:31:26","slug":"pet-gestao-publica-oferta-minicursos-para-a-comunidade-academica-com-direito-a-certificado-2","status":"publish","type":"post","link":"https:\/\/www.caririemacao.com\/1\/2018\/11\/06\/pet-gestao-publica-oferta-minicursos-para-a-comunidade-academica-com-direito-a-certificado-2\/","title":{"rendered":"PET Gest\u00e3o P\u00fablica oferta minicursos para a comunidade acad\u00eamica com direito a certificado"},"content":{"rendered":"<p>O PET Gest\u00e3o P\u00fablica, Pol\u00edtica e Cidadania do Centro de Desenvolvimento Sustent\u00e1vel do Semi\u00e1rido da UFCG, realizar\u00e1 no pr\u00f3ximo dia 13 de novembro, \u00e0s 18 horas, na Central de aulas I, uma sess\u00e3o de minicursos para a comunidade acad\u00eamica.<\/p>\n<p>Ser\u00e3o realizados os minicursos: Desenvolvimento Sustent\u00e1vel e Responsabilidade Social; Educa\u00e7\u00e3o Financeira; Lideran\u00e7a e \u00c9tica nas Organiza\u00e7\u00f5es; Economia Solid\u00e1ria e Autogest\u00e3o.<\/p>\n<p>A inscri\u00e7\u00e3o custa R$ 10 que ser\u00e3o utilizados para confec\u00e7\u00e3o do material, um livro e o coffe-break. Os interessados devem procurar no PET os alunos Bruno Everton e Vandson (Gest\u00e3o P\u00fablica).<\/p>\n<p>Os minicursos ser\u00e3o ministrados pelo professor tutor do PET, Luiz Antonio Co\u00ealho da Silva e pelos estudantes petianos.<\/p>\n<p>Ser\u00e3o entregues certificados de participa\u00e7\u00e3o com carga-hor\u00e1ria de 6 horas.<\/p>\n<p style=\"text-align: right;\"><em><strong>Ascom\/Foto : Internet\u00a0<\/strong><\/em><\/p>\n","protected":false},"excerpt":{"rendered":"<p>O PET Gest\u00e3o P\u00fablica, Pol\u00edtica e Cidadania do Centro de Desenvolvimento Sustent\u00e1vel do Semi\u00e1rido da UFCG, realizar\u00e1 no pr\u00f3ximo dia 13 de novembro, \u00e0s 18&hellip; <\/p>\n","protected":false},"author":1,"featured_media":71097,"comment_status":"closed","ping_status":"closed","sticky":false,"template":"","format":"standard","meta":{"sfsi_plus_gutenberg_text_before_share":"","sfsi_plus_gutenberg_show_text_before_share":"","sfsi_plus_gutenberg_icon_type":"","sfsi_plus_gutenberg_icon_alignemt":"","sfsi_plus_gutenburg_max_per_row":"","footnotes":""},"categories":[14],"tags":[],"class_list":["post-71151","post","type-post","status-publish","format-standard","has-post-thumbnail","hentry","category-educacao"],"_links":{"self":[{"href":"https:\/\/www.caririemacao.com\/1\/wp-json\/wp\/v2\/posts\/71151","targetHints":{"allow":["GET"]}}],"collection":[{"href":"https:\/\/www.caririemacao.com\/1\/wp-json\/wp\/v2\/posts"}],"about":[{"href":"https:\/\/www.caririemacao.com\/1\/wp-json\/wp\/v2\/types\/post"}],"author":[{"embeddable":true,"href":"https:\/\/www.caririemacao.com\/1\/wp-json\/wp\/v2\/users\/1"}],"replies":[{"embeddable":true,"href":"https:\/\/www.caririemacao.com\/1\/wp-json\/wp\/v2\/comments?post=71151"}],"version-history":[{"count":1,"href":"https:\/\/www.caririemacao.com\/1\/wp-json\/wp\/v2\/posts\/71151\/revisions"}],"predecessor-version":[{"id":71152,"href":"https:\/\/www.caririemacao.com\/1\/wp-json\/wp\/v2\/posts\/71151\/revisions\/71152"}],"wp:featuredmedia":[{"embeddable":true,"href":"https:\/\/www.caririemacao.com\/1\/wp-json\/wp\/v2\/media\/71097"}],"wp:attachment":[{"href":"https:\/\/www.caririemacao.com\/1\/wp-json\/wp\/v2\/media?parent=71151"}],"wp:term":[{"taxonomy":"category","embeddable":true,"href":"https:\/\/www.caririemacao.com\/1\/wp-json\/wp\/v2\/categories?post=71151"},{"taxonomy":"post_tag","embeddable":true,"href":"https:\/\/www.caririemacao.com\/1\/wp-json\/wp\/v2\/tags?post=71151"}],"curies":[{"name":"wp","href":"https:\/\/api.w.org\/{rel}","templated":true}]}}