{"id":71153,"date":"2018-11-06T13:36:36","date_gmt":"2018-11-06T16:36:36","guid":{"rendered":"http:\/\/www.caririemacao.com\/1\/?p=71153"},"modified":"2018-11-06T13:36:36","modified_gmt":"2018-11-06T16:36:36","slug":"criadores-do-cariri-participam-de-cursos-sobre-sanidade-animal-e-controle-do-leite","status":"publish","type":"post","link":"https:\/\/www.caririemacao.com\/1\/2018\/11\/06\/criadores-do-cariri-participam-de-cursos-sobre-sanidade-animal-e-controle-do-leite\/","title":{"rendered":"Criadores do Cariri participam de cursos sobre sanidade animal e controle do leite"},"content":{"rendered":"<p>Cursos ministrados pela Emater-PB, unidade da Gest\u00e3o Unificada, vinculada \u00e0 Secretaria de Estado do Desenvolvimento Agropecu\u00e1rio e da Pesca, possibilitam a amplia\u00e7\u00e3o do controle, melhoria da qualidade do leite e da sanidade animal nos rebanhos bovino e caprino no Cariri Paraibano. As a\u00e7\u00f5es acontecem no Sitio Jundi\u00e1, em Tapero\u00e1, com uma efetiva participa\u00e7\u00e3o de 40 criadores que esclarecem suas d\u00favidas sobre as pr\u00e1ticas sanit\u00e1rias.<\/p>\n<p>A meta do Contrato 178\/2013 \u00e9 a sustentabilidade da cadeia do leite junto ao Minist\u00e9rio do Desenvolvimento Agr\u00e1rio, envolvendo a\u00e7\u00f5es de fortalecimento da gest\u00e3o, organiza\u00e7\u00e3o do sistema de produ\u00e7\u00e3o, melhoria da qualidade do leite e conviv\u00eancia com o Cariri paraibano.<\/p>\n<p>Para a execu\u00e7\u00e3o dos programas de recupera\u00e7\u00e3o e melhoramento dos rebanhos, na regi\u00e3o do Cariri Ocidental, os criadores contam com a equipe de extensionistas da Emater de Serra Branca e tamb\u00e9m dos escrit\u00f3rios locais que acompanham com assessoramento os criadores.<\/p>\n<p>O evento de Tapero\u00e1 tem a participa\u00e7\u00e3o da secret\u00e1ria de Agricultura local, Maria do Carmo, e dos t\u00e9cnicos Darci Vilar, Tadeu Vilar, Ariano Vilar e dos coordenadores t\u00e9cnicos do Contrato, Karina Bezerra e Geneilson Evangelista da Silva, que ministraram o curso, no trabalho acompanhado pelo coordenador regional da Emater em Serra Branca, Walmir Azevedo.<\/p>\n<p>Al\u00e9m das oficinas sobre manejo sanit\u00e1rio e controle leiteiro, os t\u00e9cnicos tamb\u00e9m debatem sobre boas pr\u00e1ticas na higieniza\u00e7\u00e3o e ordenha. Essa mesma oficina j\u00e1 foi ministrada em tr\u00eas n\u00facleos produtivos de leite no munic\u00edpio de Sum\u00e9 e outra em Serra Branca, usando as instala\u00e7\u00f5es da usina de beneficiamento de leite, com a participa\u00e7\u00e3o de 60 produtores.<br \/>\nOutros treinamentos com a mesma finalidade est\u00e3o sendo realizados em outras regi\u00f5es.<\/p>\n<p style=\"text-align: right;\"><em><strong>Ascom\/Foto: Internet\u00a0<\/strong><\/em><\/p>\n","protected":false},"excerpt":{"rendered":"<p>Cursos ministrados pela Emater-PB, unidade da Gest\u00e3o Unificada, vinculada \u00e0 Secretaria de Estado do Desenvolvimento Agropecu\u00e1rio e da Pesca, possibilitam a amplia\u00e7\u00e3o do controle, melhoria&hellip; <\/p>\n","protected":false},"author":1,"featured_media":71157,"comment_status":"closed","ping_status":"closed","sticky":false,"template":"","format":"standard","meta":{"sfsi_plus_gutenberg_text_before_share":"","sfsi_plus_gutenberg_show_text_before_share":"","sfsi_plus_gutenberg_icon_type":"","sfsi_plus_gutenberg_icon_alignemt":"","sfsi_plus_gutenburg_max_per_row":"","footnotes":""},"categories":[6],"tags":[],"class_list":["post-71153","post","type-post","status-publish","format-standard","has-post-thumbnail","hentry","category-cidades"],"_links":{"self":[{"href":"https:\/\/www.caririemacao.com\/1\/wp-json\/wp\/v2\/posts\/71153","targetHints":{"allow":["GET"]}}],"collection":[{"href":"https:\/\/www.caririemacao.com\/1\/wp-json\/wp\/v2\/posts"}],"about":[{"href":"https:\/\/www.caririemacao.com\/1\/wp-json\/wp\/v2\/types\/post"}],"author":[{"embeddable":true,"href":"https:\/\/www.caririemacao.com\/1\/wp-json\/wp\/v2\/users\/1"}],"replies":[{"embeddable":true,"href":"https:\/\/www.caririemacao.com\/1\/wp-json\/wp\/v2\/comments?post=71153"}],"version-history":[{"count":1,"href":"https:\/\/www.caririemacao.com\/1\/wp-json\/wp\/v2\/posts\/71153\/revisions"}],"predecessor-version":[{"id":71160,"href":"https:\/\/www.caririemacao.com\/1\/wp-json\/wp\/v2\/posts\/71153\/revisions\/71160"}],"wp:featuredmedia":[{"embeddable":true,"href":"https:\/\/www.caririemacao.com\/1\/wp-json\/wp\/v2\/media\/71157"}],"wp:attachment":[{"href":"https:\/\/www.caririemacao.com\/1\/wp-json\/wp\/v2\/media?parent=71153"}],"wp:term":[{"taxonomy":"category","embeddable":true,"href":"https:\/\/www.caririemacao.com\/1\/wp-json\/wp\/v2\/categories?post=71153"},{"taxonomy":"post_tag","embeddable":true,"href":"https:\/\/www.caririemacao.com\/1\/wp-json\/wp\/v2\/tags?post=71153"}],"curies":[{"name":"wp","href":"https:\/\/api.w.org\/{rel}","templated":true}]}}