{"id":71156,"date":"2018-11-06T13:36:33","date_gmt":"2018-11-06T16:36:33","guid":{"rendered":"http:\/\/www.caririemacao.com\/1\/?p=71156"},"modified":"2018-11-06T13:36:33","modified_gmt":"2018-11-06T16:36:33","slug":"fachin-manda-novo-pedindo-de-soltura-de-lula-para-segunda-turma-do-stf","status":"publish","type":"post","link":"https:\/\/www.caririemacao.com\/1\/2018\/11\/06\/fachin-manda-novo-pedindo-de-soltura-de-lula-para-segunda-turma-do-stf\/","title":{"rendered":"Fachin manda novo pedindo de soltura de Lula para Segunda Turma do STF"},"content":{"rendered":"<p>O ministro Luiz Edson Fachin, relator da Opera\u00e7\u00e3o Lava Jato no Supremo Tribunal Federal, decidiu nesta ter\u00e7a-feira (6) que vai levar \u00e0 julgamento na Segunda Turma do tribunal o novo pedido de liberdade feito pela defesa do ex-presidente Luiz In\u00e1cio Lula da Silva.\u00a0Caber\u00e1 ao ministro Ricardo Lewandowski, presidente da Segunda Turma, marcar uma data para o julgamento.<\/p>\n<p>A defesa apontou parcialidade do juiz S\u00e9rgio Moro na condena\u00e7\u00e3o do petista dentro da Opera\u00e7\u00e3o Lava Jato e na condu\u00e7\u00e3o de outros processos.<\/p>\n<p>O argumento j\u00e1 havia sido utilizado em outros habeas corpus em favor de Lula, todos rejeitados pela Justi\u00e7a, mas agora foi repetido, com base na decis\u00e3o de Moro de aceitar convite do presidente eleito Bolsonaro para assumir como ministro da Justi\u00e7a no ano que vem.<\/p>\n<p>Para a defesa de Lula, Moro demonstrou \u201cinimizade capital\u201d e \u201cinteresses exoprocessuais\u201d ao condenar Lula, no ano passado, por corrup\u00e7\u00e3o e lavagem de dinheiro, o que, no entender dos advogados, deveria afast\u00e1-lo do processo.<\/p>\n<p>Fachin pediu informa\u00e7\u00f5es a diversos \u00f3rg\u00e3os sobre o caso em at\u00e9 cinco dias. &#8220;Solicitem-se informa\u00e7\u00f5es, in continenti e via malote digital, ao Superior Tribunal de Justi\u00e7a, ao Tribunal Regional Federal da 4\u00aa Regi\u00e3o, bem como ao Ju\u00edzo da 13\u00aa Vara Federal da Subse\u00e7\u00e3o Judici\u00e1ria de Curitiba\/PR, encarecendo o envio de esclarecimentos, no prazo comum de at\u00e9 no m\u00e1ximo cinco dias&#8221;, afirma a decis\u00e3o.<\/p>\n<p>O ministro tamb\u00e9m decidiu que, quando a Procuradoria Geral da Rep\u00fablica se manifestar, vai levar o caso a debate na Segunda Turma, formada por ele e pelos ministros Celso de Mello, C\u00e1rmen L\u00facia, Gilmar Mendes e Ricardo Lewandowski.<\/p>\n<p>&#8220;Com a chegada das informa\u00e7\u00f5es, d\u00ea-se imediata vista dos autos \u00e0 Procuradoria-Geral da Rep\u00fablica para que se manifeste em id\u00eantico prazo (de at\u00e9 cinco dias no m\u00e1ximo) . Isso feito e cumprido, indico desde j\u00e1 inclus\u00e3o na pauta da 2\u00aa Turma para julgamento colegiado&#8221;, decidiu.<\/p>\n<p>&nbsp;<\/p>\n<p>G1<\/p>\n","protected":false},"excerpt":{"rendered":"<p>O ministro Luiz Edson Fachin, relator da Opera\u00e7\u00e3o Lava Jato no Supremo Tribunal Federal, decidiu nesta ter\u00e7a-feira (6) que vai levar \u00e0 julgamento na Segunda&hellip; <\/p>\n","protected":false},"author":1,"featured_media":71158,"comment_status":"closed","ping_status":"closed","sticky":false,"template":"","format":"standard","meta":{"sfsi_plus_gutenberg_text_before_share":"","sfsi_plus_gutenberg_show_text_before_share":"","sfsi_plus_gutenberg_icon_type":"","sfsi_plus_gutenberg_icon_alignemt":"","sfsi_plus_gutenburg_max_per_row":"","footnotes":""},"categories":[1],"tags":[],"class_list":["post-71156","post","type-post","status-publish","format-standard","has-post-thumbnail","hentry","category-o-site"],"_links":{"self":[{"href":"https:\/\/www.caririemacao.com\/1\/wp-json\/wp\/v2\/posts\/71156","targetHints":{"allow":["GET"]}}],"collection":[{"href":"https:\/\/www.caririemacao.com\/1\/wp-json\/wp\/v2\/posts"}],"about":[{"href":"https:\/\/www.caririemacao.com\/1\/wp-json\/wp\/v2\/types\/post"}],"author":[{"embeddable":true,"href":"https:\/\/www.caririemacao.com\/1\/wp-json\/wp\/v2\/users\/1"}],"replies":[{"embeddable":true,"href":"https:\/\/www.caririemacao.com\/1\/wp-json\/wp\/v2\/comments?post=71156"}],"version-history":[{"count":1,"href":"https:\/\/www.caririemacao.com\/1\/wp-json\/wp\/v2\/posts\/71156\/revisions"}],"predecessor-version":[{"id":71159,"href":"https:\/\/www.caririemacao.com\/1\/wp-json\/wp\/v2\/posts\/71156\/revisions\/71159"}],"wp:featuredmedia":[{"embeddable":true,"href":"https:\/\/www.caririemacao.com\/1\/wp-json\/wp\/v2\/media\/71158"}],"wp:attachment":[{"href":"https:\/\/www.caririemacao.com\/1\/wp-json\/wp\/v2\/media?parent=71156"}],"wp:term":[{"taxonomy":"category","embeddable":true,"href":"https:\/\/www.caririemacao.com\/1\/wp-json\/wp\/v2\/categories?post=71156"},{"taxonomy":"post_tag","embeddable":true,"href":"https:\/\/www.caririemacao.com\/1\/wp-json\/wp\/v2\/tags?post=71156"}],"curies":[{"name":"wp","href":"https:\/\/api.w.org\/{rel}","templated":true}]}}