{"id":71173,"date":"2018-11-06T13:45:07","date_gmt":"2018-11-06T16:45:07","guid":{"rendered":"http:\/\/www.caririemacao.com\/1\/?p=71173"},"modified":"2018-11-06T13:45:07","modified_gmt":"2018-11-06T16:45:07","slug":"sao-sebastiao-do-umbuzeiro-realizara-1a-feira-de-artesanato","status":"publish","type":"post","link":"https:\/\/www.caririemacao.com\/1\/2018\/11\/06\/sao-sebastiao-do-umbuzeiro-realizara-1a-feira-de-artesanato\/","title":{"rendered":"S\u00e3o Sebasti\u00e3o do Umbuzeiro realizar\u00e1 1\u00aa Feira de Artesanato"},"content":{"rendered":"<p>O munic\u00edpio de S\u00e3o Sebasti\u00e3o do Umbuzeiro realizar\u00e1 nos pr\u00f3ximos dias 16 e 17 de novembro, a 1\u00aa Feira de Artesanato do munic\u00edpio. O evento acontecer\u00e1 na Pra\u00e7a de eventos, e conta com total apoio e realiza\u00e7\u00e3o da Prefeitura Municipal.<\/p>\n<p>O Prefeito Adriano Wolff afirmou que objetivo da feira \u00e9 incentivar a gera\u00e7\u00e3o de emprego e renda atrav\u00e9s do artesanato, uma pr\u00e1tica bastante desenvolvida no munic\u00edpio.<\/p>\n<p>As modalidades de artesanato produzidas em S\u00e3o Sebasti\u00e3o do Umbuzeiro s\u00e3o: renda, renascen\u00e7a, artesanato em eva e feltro, garrafas e jarros personalizados, croch\u00ea, biscuit, pintura, fruteiras em cimento, la\u00e7os, tiaras, bordados, aplica\u00e7\u00f5es em tecidos, fuxico, e muito outros.<\/p>\n<p style=\"text-align: right;\"><em><strong>Ascom\/Foto: Reprodu\u00e7\u00e3o\u00a0<\/strong><\/em><\/p>\n","protected":false},"excerpt":{"rendered":"<p>O munic\u00edpio de S\u00e3o Sebasti\u00e3o do Umbuzeiro realizar\u00e1 nos pr\u00f3ximos dias 16 e 17 de novembro, a 1\u00aa Feira de Artesanato do munic\u00edpio. O evento&hellip; <\/p>\n","protected":false},"author":1,"featured_media":71174,"comment_status":"closed","ping_status":"closed","sticky":false,"template":"","format":"standard","meta":{"sfsi_plus_gutenberg_text_before_share":"","sfsi_plus_gutenberg_show_text_before_share":"","sfsi_plus_gutenberg_icon_type":"","sfsi_plus_gutenberg_icon_alignemt":"","sfsi_plus_gutenburg_max_per_row":"","footnotes":""},"categories":[6],"tags":[],"class_list":["post-71173","post","type-post","status-publish","format-standard","has-post-thumbnail","hentry","category-cidades"],"_links":{"self":[{"href":"https:\/\/www.caririemacao.com\/1\/wp-json\/wp\/v2\/posts\/71173","targetHints":{"allow":["GET"]}}],"collection":[{"href":"https:\/\/www.caririemacao.com\/1\/wp-json\/wp\/v2\/posts"}],"about":[{"href":"https:\/\/www.caririemacao.com\/1\/wp-json\/wp\/v2\/types\/post"}],"author":[{"embeddable":true,"href":"https:\/\/www.caririemacao.com\/1\/wp-json\/wp\/v2\/users\/1"}],"replies":[{"embeddable":true,"href":"https:\/\/www.caririemacao.com\/1\/wp-json\/wp\/v2\/comments?post=71173"}],"version-history":[{"count":1,"href":"https:\/\/www.caririemacao.com\/1\/wp-json\/wp\/v2\/posts\/71173\/revisions"}],"predecessor-version":[{"id":71175,"href":"https:\/\/www.caririemacao.com\/1\/wp-json\/wp\/v2\/posts\/71173\/revisions\/71175"}],"wp:featuredmedia":[{"embeddable":true,"href":"https:\/\/www.caririemacao.com\/1\/wp-json\/wp\/v2\/media\/71174"}],"wp:attachment":[{"href":"https:\/\/www.caririemacao.com\/1\/wp-json\/wp\/v2\/media?parent=71173"}],"wp:term":[{"taxonomy":"category","embeddable":true,"href":"https:\/\/www.caririemacao.com\/1\/wp-json\/wp\/v2\/categories?post=71173"},{"taxonomy":"post_tag","embeddable":true,"href":"https:\/\/www.caririemacao.com\/1\/wp-json\/wp\/v2\/tags?post=71173"}],"curies":[{"name":"wp","href":"https:\/\/api.w.org\/{rel}","templated":true}]}}