{"id":71179,"date":"2018-11-06T14:02:51","date_gmt":"2018-11-06T17:02:51","guid":{"rendered":"http:\/\/www.caririemacao.com\/1\/?p=71179"},"modified":"2018-11-06T14:02:51","modified_gmt":"2018-11-06T17:02:51","slug":"everton-treina-normalmente-e-deve-reforcar-o-sao-paulo-no-majestoso","status":"publish","type":"post","link":"https:\/\/www.caririemacao.com\/1\/2018\/11\/06\/everton-treina-normalmente-e-deve-reforcar-o-sao-paulo-no-majestoso\/","title":{"rendered":"Everton treina normalmente e deve refor\u00e7ar o S\u00e3o Paulo no Majestoso"},"content":{"rendered":"<div class=\"conteudo_post sa_incontent tbl-forkorts-article\">\n<p class=\"selectionShareable\">A manh\u00e3 desta ter\u00e7a-feira reservou uma boa not\u00edcia ao torcedor do S\u00e3o Paulo. \u00c9 que o meia-atacante Everton treinou sem restri\u00e7\u00f5es no CT da Barra Funda e se credenciou a refor\u00e7ar o time no cl\u00e1ssico contra o Corinthians, no pr\u00f3ximo s\u00e1bado, em Itaquera.<\/p>\n<p class=\"selectionShareable\">O camisa 22 est\u00e1 recuperado de um\u00a0estiramento no m\u00fasculo posterior da coxa esquerda que o tirou dos \u00faltimos quatro jogos. A les\u00e3o ocorreu na derrota por 2 a 0 para o Palmeiras, no dia 6 de outubro, no Morumbi, pela\u00a028\u00aa rodada do Campeonato Brasileiro.<\/p>\n<p class=\"selectionShareable\">Na atividade em campo reduzido, Everton se movimentou bastante e fez grande cruzamento de tr\u00eas dedos para um dos gols de sua equipe. Como precau\u00e7\u00e3o, ele deixou o treino com os reservas um pouco mais cedo que os demais.\u00a0Os titulares do empate com o Flamengo fizeram exerc\u00edcios regenerativos no campo e depois na parte interna do CT.<\/p>\n<div class=\"gallery-container\">\n<div class=\"gallery-inside \">\n<div id=\"gallery-2658551\" class=\"fotorama fotorama1541523145475\" data-nav=\"thumbs\" data-hash=\"true\" data-width=\"100%\" data-loop=\"true\" data-ratio=\"16\/9\" data-click=\"true\" data-fit=\"contain\" data-thumbfit=\"contain\" data-keyboard=\"true\" data-swipe=\"true\" data-allowfullscreen=\"native\" data-minheight=\"330\">\n<div class=\"fotorama__wrap fotorama__wrap--css3 fotorama__wrap--slide fotorama__wrap--toggle-arrows fotorama__wrap--no-shadows\">\n<div class=\"fotorama__stage\">\n<div class=\"fotorama__stage__shaft\">\n<div class=\"fotorama__stage__frame fotorama__loaded fotorama__loaded--img fotorama__active\"><img decoding=\"async\" class=\"fotorama__img lazyload\" data-src=\"https:\/\/www.gazetaesportiva.com\/wp-content\/uploads\/imagem\/2018\/11\/06\/spfc13-1024x681.jpg\" src=\"data:image\/svg+xml;base64,PHN2ZyB3aWR0aD0iMSIgaGVpZ2h0PSIxIiB4bWxucz0iaHR0cDovL3d3dy53My5vcmcvMjAwMC9zdmciPjwvc3ZnPg==\" style=\"--smush-placeholder-width: 1024px; --smush-placeholder-aspect-ratio: 1024\/681;\" \/><\/p>\n<div class=\"fotorama__caption\">\n<div class=\"fotorama__caption__wrap\">Foto:Sergio Barzaghi\/Gazeta Press<\/div>\n<\/div>\n<\/div>\n<div class=\"fotorama__stage__frame fotorama__loaded fotorama__loaded--img\"><img decoding=\"async\" class=\"fotorama__img lazyload\" data-src=\"https:\/\/www.gazetaesportiva.com\/wp-content\/uploads\/imagem\/2018\/11\/06\/spfc17-1024x681.jpg\" src=\"data:image\/svg+xml;base64,PHN2ZyB3aWR0aD0iMSIgaGVpZ2h0PSIxIiB4bWxucz0iaHR0cDovL3d3dy53My5vcmcvMjAwMC9zdmciPjwvc3ZnPg==\" style=\"--smush-placeholder-width: 1024px; --smush-placeholder-aspect-ratio: 1024\/681;\" \/><\/p>\n<div class=\"fotorama__caption\">\n<div class=\"fotorama__caption__wrap\">Foto:Sergio Barzaghi\/Gazeta Press<\/div>\n<\/div>\n<\/div>\n<div class=\"fotorama__stage__frame fotorama__loaded fotorama__loaded--img\"><img decoding=\"async\" class=\"fotorama__img lazyload\" data-src=\"https:\/\/www.gazetaesportiva.com\/wp-content\/uploads\/imagem\/2018\/11\/06\/spfc15-1024x681.jpg\" src=\"data:image\/svg+xml;base64,PHN2ZyB3aWR0aD0iMSIgaGVpZ2h0PSIxIiB4bWxucz0iaHR0cDovL3d3dy53My5vcmcvMjAwMC9zdmciPjwvc3ZnPg==\" style=\"--smush-placeholder-width: 1024px; --smush-placeholder-aspect-ratio: 1024\/681;\" \/><\/p>\n<div class=\"fotorama__caption\">\n<div class=\"fotorama__caption__wrap\">Foto:Sergio Barzaghi\/Gazeta Press<\/div>\n<\/div>\n<\/div>\n<\/div>\n<div><\/div>\n<div class=\"fotorama__video-close\">Quem tamb\u00e9m deu sinais de evolu\u00e7\u00e3o nesta manh\u00e3 foi Everton Felipe. O meia-atacante, em recupera\u00e7\u00e3o de um estiramento no joelho direito, iniciou a transi\u00e7\u00e3o com um trabalho f\u00edsico no campo supervisionado pelo fisioterapeuta do clube.<\/div>\n<\/div>\n<\/div>\n<\/div>\n<\/div>\n<\/div>\n<p class=\"selectionShareable\">O meia, contudo, n\u00e3o deve ser relacionado para o Majestoso. Assim como o jovem Luan, que sofreu um entorse no tornozelo direito no empate com o Flamengo. Nesta manh\u00e3, o volante realizou tratamento no Reffis.<\/p>\n<p class=\"selectionShareable\">Al\u00e9m de Everton, o goleiro Jean e o volante Hudson voltam a ficar \u00e0 disposi\u00e7\u00e3o de Aguirre, ap\u00f3s cumprirem suspens\u00e3o no \u00faltimo domingo. Sid\u00e3o, portanto, retornar\u00e1 ao banco de reservas. N\u00e3o h\u00e1 desfalques por suspens\u00e3o.<\/p>\n<p class=\"selectionShareable\">Uma prov\u00e1vel escala\u00e7\u00e3o tem Jean; Bruno Peres, Arboleda, Bruno Alves e Reinaldo; Jucilei, Hudson, Liziero e Diego Souza; Everton e Gonzalo Carneiro.<\/p>\n<p class=\"selectionShareable\">A seis rodadas do fim do Campeonato Brasileiro, o S\u00e3o Paulo ocupa o quarto lugar com 57 pontos, apenas dois a mais que o Gr\u00eamio, quinto colocado. Distante do l\u00edder Palmeiras, o time tricolor foca numa vaga direta na fase de grupos da pr\u00f3xima Copa Libertadores.<\/p>\n<\/div>\n<p>&nbsp;<\/p>\n<p>Gazeta Esportiva<\/p>\n","protected":false},"excerpt":{"rendered":"<p>A manh\u00e3 desta ter\u00e7a-feira reservou uma boa not\u00edcia ao torcedor do S\u00e3o Paulo. \u00c9 que o meia-atacante Everton treinou sem restri\u00e7\u00f5es no CT da Barra&hellip; <\/p>\n","protected":false},"author":1,"featured_media":71189,"comment_status":"closed","ping_status":"closed","sticky":false,"template":"","format":"standard","meta":{"sfsi_plus_gutenberg_text_before_share":"","sfsi_plus_gutenberg_show_text_before_share":"","sfsi_plus_gutenberg_icon_type":"","sfsi_plus_gutenberg_icon_alignemt":"","sfsi_plus_gutenburg_max_per_row":"","footnotes":""},"categories":[13],"tags":[],"class_list":["post-71179","post","type-post","status-publish","format-standard","has-post-thumbnail","hentry","category-esportes"],"_links":{"self":[{"href":"https:\/\/www.caririemacao.com\/1\/wp-json\/wp\/v2\/posts\/71179","targetHints":{"allow":["GET"]}}],"collection":[{"href":"https:\/\/www.caririemacao.com\/1\/wp-json\/wp\/v2\/posts"}],"about":[{"href":"https:\/\/www.caririemacao.com\/1\/wp-json\/wp\/v2\/types\/post"}],"author":[{"embeddable":true,"href":"https:\/\/www.caririemacao.com\/1\/wp-json\/wp\/v2\/users\/1"}],"replies":[{"embeddable":true,"href":"https:\/\/www.caririemacao.com\/1\/wp-json\/wp\/v2\/comments?post=71179"}],"version-history":[{"count":1,"href":"https:\/\/www.caririemacao.com\/1\/wp-json\/wp\/v2\/posts\/71179\/revisions"}],"predecessor-version":[{"id":71190,"href":"https:\/\/www.caririemacao.com\/1\/wp-json\/wp\/v2\/posts\/71179\/revisions\/71190"}],"wp:featuredmedia":[{"embeddable":true,"href":"https:\/\/www.caririemacao.com\/1\/wp-json\/wp\/v2\/media\/71189"}],"wp:attachment":[{"href":"https:\/\/www.caririemacao.com\/1\/wp-json\/wp\/v2\/media?parent=71179"}],"wp:term":[{"taxonomy":"category","embeddable":true,"href":"https:\/\/www.caririemacao.com\/1\/wp-json\/wp\/v2\/categories?post=71179"},{"taxonomy":"post_tag","embeddable":true,"href":"https:\/\/www.caririemacao.com\/1\/wp-json\/wp\/v2\/tags?post=71179"}],"curies":[{"name":"wp","href":"https:\/\/api.w.org\/{rel}","templated":true}]}}