{"id":71180,"date":"2018-11-06T13:55:01","date_gmt":"2018-11-06T16:55:01","guid":{"rendered":"http:\/\/www.caririemacao.com\/1\/?p=71180"},"modified":"2018-11-06T13:55:01","modified_gmt":"2018-11-06T16:55:01","slug":"carpegiani-e-demitido-do-vitoria","status":"publish","type":"post","link":"https:\/\/www.caririemacao.com\/1\/2018\/11\/06\/carpegiani-e-demitido-do-vitoria\/","title":{"rendered":"Carpegiani \u00e9 demitido do Vit\u00f3ria"},"content":{"rendered":"<div class=\"content-column padding-horizontal-gutter margin-horizontal-auto margin-top paragraph\">\n<p>Faltando poucas rodadas pro fim da S\u00e9rie A, o Vit\u00f3ria cansou-se de Carpegiani e comunicou que o mesmo j\u00e1 n\u00e3o \u00e9 mais t\u00e9cnico do Le\u00e3o da Barra,<\/p>\n<p><img fetchpriority=\"high\" decoding=\"async\" class=\"wp-image-71181 size-full aligncenter\" src=\"http:\/\/www.caririemacao.com\/1\/wp-content\/uploads\/2018\/11\/demi\u00e7\u00e3o-do-vitoria.jpg\" alt=\"\" width=\"495\" height=\"196\" srcset=\"https:\/\/www.caririemacao.com\/1\/wp-content\/uploads\/2018\/11\/demi\u00e7\u00e3o-do-vitoria.jpg 495w, https:\/\/www.caririemacao.com\/1\/wp-content\/uploads\/2018\/11\/demi\u00e7\u00e3o-do-vitoria-300x119.jpg 300w\" sizes=\"(max-width: 495px) 100vw, 495px\" \/><\/p>\n<\/div>\n<div class=\"content-column padding-horizontal-gutter margin-horizontal-auto margin-top\">\n<div class=\"SandboxRoot env-bp-350\" data-twitter-event-id=\"0\">\n<div id=\"twitter-widget-0\" class=\"EmbeddedTweet js-clickToOpenTarget tweet-InformationCircle-widgetParent\" lang=\"en\" data-click-to-open-target=\"https:\/\/twitter.com\/ECVitoria\/status\/1059838954529320960\" data-iframe-title=\"Twitter Tweet\" data-scribe=\"page:tweet\" data-twitter-event-id=\"1\">\n<div class=\"EmbeddedTweet-tweetContainer\">\n<div class=\"EmbeddedTweet-tweet\"><\/div>\n<\/div>\n<\/div>\n<div class=\"resize-sensor\">\n<div class=\"resize-sensor-expand\">\n<div>Brigando contra o rebaixamento, o Vit\u00f3ria jogou na \u00faltima rodada contra o Paran\u00e1, dentro de casa, e n\u00e3o conseguiu os tr\u00eas pontos.<\/div>\n<\/div>\n<\/div>\n<\/div>\n<\/div>\n<div id=\"of-ads-id-1541522855055\" class=\"d-block mb-xxxl mt-xxxl text-center d-none\" data-google-query-id=\"CKO8vJScwN4CFTTI4wcdLScDHQ\">\n<div id=\"google_ads_iframe_\/38577695\/OF_Web_News_details_Content_0__container__\">Jo\u00e3o Burse, t\u00e9cnico do sub-23, ir\u00e1 assumir o comando do elenco at\u00e9 o final da temporada.<\/div>\n<div style=\"text-align: right;\"><strong>Onefootball\/Foto: Reprodu\u00e7\u00e3o\u00a0<\/strong><\/div>\n<\/div>\n","protected":false},"excerpt":{"rendered":"<p>Faltando poucas rodadas pro fim da S\u00e9rie A, o Vit\u00f3ria cansou-se de Carpegiani e comunicou que o mesmo j\u00e1 n\u00e3o \u00e9 mais t\u00e9cnico do Le\u00e3o&hellip; <\/p>\n","protected":false},"author":1,"featured_media":71182,"comment_status":"closed","ping_status":"closed","sticky":false,"template":"","format":"standard","meta":{"sfsi_plus_gutenberg_text_before_share":"","sfsi_plus_gutenberg_show_text_before_share":"","sfsi_plus_gutenberg_icon_type":"","sfsi_plus_gutenberg_icon_alignemt":"","sfsi_plus_gutenburg_max_per_row":"","footnotes":""},"categories":[13],"tags":[],"class_list":["post-71180","post","type-post","status-publish","format-standard","has-post-thumbnail","hentry","category-esportes"],"_links":{"self":[{"href":"https:\/\/www.caririemacao.com\/1\/wp-json\/wp\/v2\/posts\/71180","targetHints":{"allow":["GET"]}}],"collection":[{"href":"https:\/\/www.caririemacao.com\/1\/wp-json\/wp\/v2\/posts"}],"about":[{"href":"https:\/\/www.caririemacao.com\/1\/wp-json\/wp\/v2\/types\/post"}],"author":[{"embeddable":true,"href":"https:\/\/www.caririemacao.com\/1\/wp-json\/wp\/v2\/users\/1"}],"replies":[{"embeddable":true,"href":"https:\/\/www.caririemacao.com\/1\/wp-json\/wp\/v2\/comments?post=71180"}],"version-history":[{"count":1,"href":"https:\/\/www.caririemacao.com\/1\/wp-json\/wp\/v2\/posts\/71180\/revisions"}],"predecessor-version":[{"id":71183,"href":"https:\/\/www.caririemacao.com\/1\/wp-json\/wp\/v2\/posts\/71180\/revisions\/71183"}],"wp:featuredmedia":[{"embeddable":true,"href":"https:\/\/www.caririemacao.com\/1\/wp-json\/wp\/v2\/media\/71182"}],"wp:attachment":[{"href":"https:\/\/www.caririemacao.com\/1\/wp-json\/wp\/v2\/media?parent=71180"}],"wp:term":[{"taxonomy":"category","embeddable":true,"href":"https:\/\/www.caririemacao.com\/1\/wp-json\/wp\/v2\/categories?post=71180"},{"taxonomy":"post_tag","embeddable":true,"href":"https:\/\/www.caririemacao.com\/1\/wp-json\/wp\/v2\/tags?post=71180"}],"curies":[{"name":"wp","href":"https:\/\/api.w.org\/{rel}","templated":true}]}}