{"id":71186,"date":"2018-11-06T14:14:19","date_gmt":"2018-11-06T17:14:19","guid":{"rendered":"http:\/\/www.caririemacao.com\/1\/?p=71186"},"modified":"2018-11-06T14:20:26","modified_gmt":"2018-11-06T17:20:26","slug":"professores-de-sume-receberao-capacitacao-da-ong-norte-americana-educando","status":"publish","type":"post","link":"https:\/\/www.caririemacao.com\/1\/2018\/11\/06\/professores-de-sume-receberao-capacitacao-da-ong-norte-americana-educando\/","title":{"rendered":"Professores de Sum\u00e9 receber\u00e3o capacita\u00e7\u00e3o da ONG norte-americana Educando"},"content":{"rendered":"<p>Professores do ensino m\u00e9dio de 22 escolas da Para\u00edba recebem deste segunda (05) at\u00e9 sexta-feira (09), uma nova etapa de forma\u00e7\u00e3o do STEM Brasil, programa de capacita\u00e7\u00e3o de professores da ONG norte-americana Educando.<\/p>\n<p>De Sum\u00e9, 04 professores da Escola Estadual Professor Jos\u00e9 Gon\u00e7alves de Queiroz receber\u00e3o na pr\u00f3xima sexta-feira (9) a capacita\u00e7\u00e3o da\u00a0ONG norte-americana Educando. A capacita\u00e7\u00e3o ser\u00e1 em Campina Grande\/PB.<\/p>\n<p>Segundo a diretora do educand\u00e1rio, Edilza Oliveira, os professores\u00a0v\u00e3o passar pelo trabalho de aprimoramento de aulas pr\u00e1ticas nas \u00e1reas de ci\u00eancia da natureza (f\u00edsica, qu\u00edmica e biologia) e matem\u00e1tica.<\/p>\n<p>Al\u00e9m de Sum\u00e9, Bayeux, Cabedelo, Cacimba de Dentro, Cajazeira, Campina Grande, Catol\u00e9 do Rocha, Coremas, Cuit\u00e9, Jo\u00e3o Pessoa, Mamanguape, Patos, Pombal, Princesa Isabel, Sap\u00e9, S\u00e3o Bento e Sousa completam a lista dos munic\u00edpios contemplados com a capacita\u00e7\u00e3o.<\/p>\n","protected":false},"excerpt":{"rendered":"<p>Professores do ensino m\u00e9dio de 22 escolas da Para\u00edba recebem deste segunda (05) at\u00e9 sexta-feira (09), uma nova etapa de forma\u00e7\u00e3o do STEM Brasil, programa&hellip; <\/p>\n","protected":false},"author":2,"featured_media":21724,"comment_status":"closed","ping_status":"closed","sticky":false,"template":"","format":"standard","meta":{"sfsi_plus_gutenberg_text_before_share":"","sfsi_plus_gutenberg_show_text_before_share":"","sfsi_plus_gutenberg_icon_type":"","sfsi_plus_gutenberg_icon_alignemt":"","sfsi_plus_gutenburg_max_per_row":"","footnotes":""},"categories":[6],"tags":[],"class_list":["post-71186","post","type-post","status-publish","format-standard","has-post-thumbnail","hentry","category-cidades"],"_links":{"self":[{"href":"https:\/\/www.caririemacao.com\/1\/wp-json\/wp\/v2\/posts\/71186","targetHints":{"allow":["GET"]}}],"collection":[{"href":"https:\/\/www.caririemacao.com\/1\/wp-json\/wp\/v2\/posts"}],"about":[{"href":"https:\/\/www.caririemacao.com\/1\/wp-json\/wp\/v2\/types\/post"}],"author":[{"embeddable":true,"href":"https:\/\/www.caririemacao.com\/1\/wp-json\/wp\/v2\/users\/2"}],"replies":[{"embeddable":true,"href":"https:\/\/www.caririemacao.com\/1\/wp-json\/wp\/v2\/comments?post=71186"}],"version-history":[{"count":3,"href":"https:\/\/www.caririemacao.com\/1\/wp-json\/wp\/v2\/posts\/71186\/revisions"}],"predecessor-version":[{"id":71212,"href":"https:\/\/www.caririemacao.com\/1\/wp-json\/wp\/v2\/posts\/71186\/revisions\/71212"}],"wp:featuredmedia":[{"embeddable":true,"href":"https:\/\/www.caririemacao.com\/1\/wp-json\/wp\/v2\/media\/21724"}],"wp:attachment":[{"href":"https:\/\/www.caririemacao.com\/1\/wp-json\/wp\/v2\/media?parent=71186"}],"wp:term":[{"taxonomy":"category","embeddable":true,"href":"https:\/\/www.caririemacao.com\/1\/wp-json\/wp\/v2\/categories?post=71186"},{"taxonomy":"post_tag","embeddable":true,"href":"https:\/\/www.caririemacao.com\/1\/wp-json\/wp\/v2\/tags?post=71186"}],"curies":[{"name":"wp","href":"https:\/\/api.w.org\/{rel}","templated":true}]}}