{"id":71188,"date":"2018-11-06T14:04:59","date_gmt":"2018-11-06T17:04:59","guid":{"rendered":"http:\/\/www.caririemacao.com\/1\/?p=71188"},"modified":"2018-11-06T14:04:59","modified_gmt":"2018-11-06T17:04:59","slug":"reduzir-maioridade-penal-e-retrocesso-avalia-comissao-da-oea","status":"publish","type":"post","link":"https:\/\/www.caririemacao.com\/1\/2018\/11\/06\/reduzir-maioridade-penal-e-retrocesso-avalia-comissao-da-oea\/","title":{"rendered":"Reduzir maioridade penal \u00e9 retrocesso, avalia comiss\u00e3o da OEA"},"content":{"rendered":"<p>A presidente da Comiss\u00e3o Interamericana de Direitos Humanos (CIDH), Margarette Macaulay, avaliou hoje (5) que seria um retrocesso se o Brasil reduzir a maioridade penal para abaixo dos 18 anos.<\/p>\n<p>Em visita ao Supremo Tribunal Federal (STF), Margarette Macauley ressaltou que pelas normas vigentes no direito internacional qualquer pessoa abaixo dos 18 anos n\u00e3o pode ser considerada um adulto. \u201cCrian\u00e7as n\u00e3o devem se encarceradas, a n\u00e3o ser em circunst\u00e2ncias extremas\u201d, afirmou.<\/p>\n<div class=\"dnd-widget-wrapper context-grande_6colunas type-image atom-align-left\">\n<div class=\"dnd-atom-rendered\"><\/div>\n<div class=\"dnd-caption-wrapper\">\n<p class=\"meta\">Questionada sobre se a redu\u00e7\u00e3o da maioridade penal poderia ser considerada um retrocesso em termos de direitos humanos, ela respondeu que \u201cdefinitivamente\u201d. Margarette destacou ainda que o Brasil assinou a Conven\u00e7\u00e3o Internacional dos Direitos da Crian\u00e7a, que prev\u00ea que a inf\u00e2ncia vai at\u00e9 os 18 anos.<\/p>\n<\/div>\n<\/div>\n<p>Ela lembrou, por\u00e9m, que o \u00f3rg\u00e3o apenas comenta assuntos que tenham potencial de afetar a boa aplica\u00e7\u00e3o dos Direitos Humanos nas Am\u00e9ricas e n\u00e3o interfere diretamente em quest\u00f5es pol\u00edticas internas dos pa\u00edses.<\/p>\n<p>A redu\u00e7\u00e3o da maioridade penal consta no plano de governo do presidente eleito Jair Bolsonaro, que confirmou nesta segunda-feira (5), em entrevista \u00e0 TV Band, que pretende levar adiante a proposta.<\/p>\n<p><strong>Pris\u00f5es<\/strong><\/p>\n<p>Margarette Macauley lidera uma comitiva da CIDH que faz uma inspe\u00e7\u00e3o no Brasil at\u00e9 a pr\u00f3xima semana. Um relat\u00f3rio preliminar sobre a visita deve ser divulgado em 12 de novembro. Ser\u00e3o examinados diversos pontos relativos aos direitos humanos, entre eles a situa\u00e7\u00e3o das pris\u00f5es brasileiras.<\/p>\n<p>\u201cA comiss\u00e3o, no geral, n\u00e3o est\u00e1 muito feliz com a situa\u00e7\u00e3o carcer\u00e1ria do Brasil, est\u00e1 bastante insatisfeita\u201d, afirmou a presidente da CIDH.<\/p>\n<p>Ela lembrou que o Brasil ficou mal avaliado no \u00faltimo relat\u00f3rio anual da CIDH e que que por esse motivo a comiss\u00e3o resolver realizar uma inspe\u00e7\u00e3o no terreno, para avaliar uma poss\u00edvel melhora nos indicadores avaliados pelo \u00f3rg\u00e3o. \u201cParece que pode melhorar\u201d, avaliou ela.<\/p>\n<p><strong>Audi\u00eancias de cust\u00f3dia<\/strong><\/p>\n<p>Segundo o presidente do STF, ministro Dias Toffoli, a presidente da CIDH fez perguntas espec\u00edficas sobre tr\u00eas assuntos: o acesso \u00e0 Justi\u00e7a no Brasil, a implementa\u00e7\u00e3o das audi\u00eancias de cust\u00f3dia e a aplica\u00e7\u00e3o do\u00a0<em>habeas corpus<\/em>\u00a0coletivo concedido pela Corte \u00e0s mulheres gr\u00e1vidas e m\u00e3es de filhos at\u00e9 12 anos.<\/p>\n<p>Ele disse que fornecer\u00e1 \u00e0 comitiva todos os dados dispon\u00edveis sobre esses assuntos que est\u00e3o dispon\u00edveis no Conselho Nacional de Justi\u00e7a (CNJ). \u201cNo que diz respeito \u00e0s audi\u00eancias de cust\u00f3dia, j\u00e1 foram dezenas de milhares de pessoas soltas imediatamente por n\u00e3o terem cometido crime ou por n\u00e3o serem delitos pass\u00edveis de encarceramento\u201d, destacou Toffoli.<\/p>\n<p>Criada em 2015 pelo CNJ, a audi\u00eancia de cust\u00f3dia prev\u00ea que qualquer preso em flagrante deva ser ouvido por um juiz em at\u00e9 24 horas do encarceramento, ocasi\u00e3o na qual ser\u00e1 examinada a necessidade real de deten\u00e7\u00e3o.<\/p>\n<p style=\"text-align: right;\"><em><strong>Ag\u00eancia Brasil\/Foto: Reprodu\u00e7\u00e3o\u00a0<\/strong><\/em><\/p>\n<p>&nbsp;<\/p>\n","protected":false},"excerpt":{"rendered":"<p>A presidente da Comiss\u00e3o Interamericana de Direitos Humanos (CIDH), Margarette Macaulay, avaliou hoje (5) que seria um retrocesso se o Brasil reduzir a maioridade penal&hellip; <\/p>\n","protected":false},"author":1,"featured_media":71191,"comment_status":"closed","ping_status":"closed","sticky":false,"template":"","format":"standard","meta":{"sfsi_plus_gutenberg_text_before_share":"","sfsi_plus_gutenberg_show_text_before_share":"","sfsi_plus_gutenberg_icon_type":"","sfsi_plus_gutenberg_icon_alignemt":"","sfsi_plus_gutenburg_max_per_row":"","footnotes":""},"categories":[2],"tags":[],"class_list":["post-71188","post","type-post","status-publish","format-standard","has-post-thumbnail","hentry","category-geral"],"_links":{"self":[{"href":"https:\/\/www.caririemacao.com\/1\/wp-json\/wp\/v2\/posts\/71188","targetHints":{"allow":["GET"]}}],"collection":[{"href":"https:\/\/www.caririemacao.com\/1\/wp-json\/wp\/v2\/posts"}],"about":[{"href":"https:\/\/www.caririemacao.com\/1\/wp-json\/wp\/v2\/types\/post"}],"author":[{"embeddable":true,"href":"https:\/\/www.caririemacao.com\/1\/wp-json\/wp\/v2\/users\/1"}],"replies":[{"embeddable":true,"href":"https:\/\/www.caririemacao.com\/1\/wp-json\/wp\/v2\/comments?post=71188"}],"version-history":[{"count":1,"href":"https:\/\/www.caririemacao.com\/1\/wp-json\/wp\/v2\/posts\/71188\/revisions"}],"predecessor-version":[{"id":71192,"href":"https:\/\/www.caririemacao.com\/1\/wp-json\/wp\/v2\/posts\/71188\/revisions\/71192"}],"wp:featuredmedia":[{"embeddable":true,"href":"https:\/\/www.caririemacao.com\/1\/wp-json\/wp\/v2\/media\/71191"}],"wp:attachment":[{"href":"https:\/\/www.caririemacao.com\/1\/wp-json\/wp\/v2\/media?parent=71188"}],"wp:term":[{"taxonomy":"category","embeddable":true,"href":"https:\/\/www.caririemacao.com\/1\/wp-json\/wp\/v2\/categories?post=71188"},{"taxonomy":"post_tag","embeddable":true,"href":"https:\/\/www.caririemacao.com\/1\/wp-json\/wp\/v2\/tags?post=71188"}],"curies":[{"name":"wp","href":"https:\/\/api.w.org\/{rel}","templated":true}]}}