{"id":71193,"date":"2018-11-06T14:07:15","date_gmt":"2018-11-06T17:07:15","guid":{"rendered":"http:\/\/www.caririemacao.com\/1\/?p=71193"},"modified":"2018-11-06T14:16:10","modified_gmt":"2018-11-06T17:16:10","slug":"prf-na-paraiba-abre-licitacao-para-construcao-de-nova-unidade-operacional-em-mata-redonda","status":"publish","type":"post","link":"https:\/\/www.caririemacao.com\/1\/2018\/11\/06\/prf-na-paraiba-abre-licitacao-para-construcao-de-nova-unidade-operacional-em-mata-redonda\/","title":{"rendered":"PRF na Para\u00edba abre Licita\u00e7\u00e3o para constru\u00e7\u00e3o de Nova Unidade Operacional em Mata Redonda"},"content":{"rendered":"<div class=\"noticiacorpo\">\n<p>A Pol\u00edcia Rodovi\u00e1ria Federal \u2013 PRF abriu na manh\u00e3 desta ter\u00e7a-feira (06) a Licita\u00e7\u00e3o na modalidade Concorr\u00eancia de n\u00famero 3\/2018, para contrata\u00e7\u00e3o de empresa de engenharia especializada em obras de constru\u00e7\u00e3o com fornecimento de pe\u00e7as, materiais e m\u00e3o de obra para realizar a edifica\u00e7\u00e3o da nova Unidade Operacional da Pol\u00edcia Rodovi\u00e1ria Federal\/PB, na BR 101, km 108, no Munic\u00edpio de Alhandra\/PB.<\/p>\n<p>A Entrega de\u00a0propostas pelas empresas interessadas poder\u00e1 ser feita a partir do dia 06 de Novembro de 2018 \u00e0s 08h no site\u00a0<a href=\"http:\/\/www.comprasnet.gov.br\/\" target=\"_blank\" rel=\"noopener\" data-saferedirecturl=\"https:\/\/www.google.com\/url?q=http:\/\/www.comprasnet.gov.br\/&amp;source=gmail&amp;ust=1541607952966000&amp;usg=AFQjCNFsYzd1hzEefSSV093YRK9h5NN10Q\">www.comprasnet.gov.br<\/a>\u00a0ou no endere\u00e7o\u00a0Br. 230, Km\u00a023, Predio 2257, Cristo Redentor, Jo\u00e3o Pessoa\/PB. A abertura das propostas ser\u00e3o\u00a0realizadas\u00a0no dia 29 de Novembro de 2018 \u00e0s 09h30min. Informa\u00e7\u00f5es gerais, edital, projeto executivo e memorial est\u00e3o dispon\u00edveis no site\u00a0<a href=\"http:\/\/www.comprasgovernamentais.gov.br\/\" target=\"_blank\" rel=\"noopener\" data-saferedirecturl=\"https:\/\/www.google.com\/url?q=http:\/\/www.comprasgovernamentais.gov.br\/&amp;source=gmail&amp;ust=1541607952966000&amp;usg=AFQjCNFd_yO2ltEKTd55OVJ_L3cBC0JQQA\">http:\/\/www.<wbr \/>comprasgovernamentais.gov.br<\/a>\u00a0e nos links constantes no edital\u00a0(<a href=\"http:\/\/www.comprasnet.gov.br\/acesso.asp?url=\/edital-200122-99-00003-2018\" target=\"_blank\" rel=\"noopener\" data-saferedirecturl=\"https:\/\/www.google.com\/url?q=http:\/\/www.comprasnet.gov.br\/acesso.asp?url%3D\/edital-200122-99-00003-2018&amp;source=gmail&amp;ust=1541607952966000&amp;usg=AFQjCNGAtVsgEFXkP7JDhpsy6O3QpGb8mA\">http:\/\/www.<wbr \/>comprasgovernamentais.gov.br\/<wbr \/>edital\/200122-99-00003-2018<\/a>).<\/p>\n<div><\/div>\n<\/div>\n<p class=\"noticia_fonte\">Assessoria<\/p>\n","protected":false},"excerpt":{"rendered":"<p>A Pol\u00edcia Rodovi\u00e1ria Federal \u2013 PRF abriu na manh\u00e3 desta ter\u00e7a-feira (06) a Licita\u00e7\u00e3o na modalidade Concorr\u00eancia de n\u00famero 3\/2018, para contrata\u00e7\u00e3o de empresa de&hellip; <\/p>\n","protected":false},"author":1,"featured_media":71194,"comment_status":"closed","ping_status":"closed","sticky":false,"template":"","format":"standard","meta":{"sfsi_plus_gutenberg_text_before_share":"","sfsi_plus_gutenberg_show_text_before_share":"","sfsi_plus_gutenberg_icon_type":"","sfsi_plus_gutenberg_icon_alignemt":"","sfsi_plus_gutenburg_max_per_row":"","footnotes":""},"categories":[2],"tags":[],"class_list":["post-71193","post","type-post","status-publish","format-standard","has-post-thumbnail","hentry","category-geral"],"_links":{"self":[{"href":"https:\/\/www.caririemacao.com\/1\/wp-json\/wp\/v2\/posts\/71193","targetHints":{"allow":["GET"]}}],"collection":[{"href":"https:\/\/www.caririemacao.com\/1\/wp-json\/wp\/v2\/posts"}],"about":[{"href":"https:\/\/www.caririemacao.com\/1\/wp-json\/wp\/v2\/types\/post"}],"author":[{"embeddable":true,"href":"https:\/\/www.caririemacao.com\/1\/wp-json\/wp\/v2\/users\/1"}],"replies":[{"embeddable":true,"href":"https:\/\/www.caririemacao.com\/1\/wp-json\/wp\/v2\/comments?post=71193"}],"version-history":[{"count":1,"href":"https:\/\/www.caririemacao.com\/1\/wp-json\/wp\/v2\/posts\/71193\/revisions"}],"predecessor-version":[{"id":71195,"href":"https:\/\/www.caririemacao.com\/1\/wp-json\/wp\/v2\/posts\/71193\/revisions\/71195"}],"wp:featuredmedia":[{"embeddable":true,"href":"https:\/\/www.caririemacao.com\/1\/wp-json\/wp\/v2\/media\/71194"}],"wp:attachment":[{"href":"https:\/\/www.caririemacao.com\/1\/wp-json\/wp\/v2\/media?parent=71193"}],"wp:term":[{"taxonomy":"category","embeddable":true,"href":"https:\/\/www.caririemacao.com\/1\/wp-json\/wp\/v2\/categories?post=71193"},{"taxonomy":"post_tag","embeddable":true,"href":"https:\/\/www.caririemacao.com\/1\/wp-json\/wp\/v2\/tags?post=71193"}],"curies":[{"name":"wp","href":"https:\/\/api.w.org\/{rel}","templated":true}]}}