{"id":71196,"date":"2018-11-06T14:09:19","date_gmt":"2018-11-06T17:09:19","guid":{"rendered":"http:\/\/www.caririemacao.com\/1\/?p=71196"},"modified":"2018-11-06T14:09:19","modified_gmt":"2018-11-06T17:09:19","slug":"ufcg-iniciara-coleta-de-sugestoes-para-plano-de-logistica-sustentavel","status":"publish","type":"post","link":"https:\/\/www.caririemacao.com\/1\/2018\/11\/06\/ufcg-iniciara-coleta-de-sugestoes-para-plano-de-logistica-sustentavel\/","title":{"rendered":"UFCG iniciar\u00e1 coleta de sugest\u00f5es para Plano de Log\u00edstica Sustent\u00e1vel"},"content":{"rendered":"<p style=\"font-weight: 400;\">A Universidade Federal de Campina Grande (UFCG) dar\u00e1 mais um passo para a implanta\u00e7\u00e3o do seu Plano de Log\u00edstica Sustent\u00e1vel (PLS). As a\u00e7\u00f5es que integrar\u00e3o a agenda institucional ser\u00e3o catalogadas, junto \u00e0 comunidade acad\u00eamica dos sete campi, a partir da pr\u00f3xima quarta-feira, dia 7, com a disponibiliza\u00e7\u00e3o de um formul\u00e1rio eletr\u00f4nico.<\/p>\n<p style=\"font-weight: 400;\">Sob coordena\u00e7\u00e3o da Secretaria de Planejamento e Or\u00e7amento (Seplan), o plano vem sendo elaborado por uma comiss\u00e3o institu\u00edda pela reitoria, em agosto deste ano, e tem previs\u00e3o para implementar as suas primeiras a\u00e7\u00f5es no segundo semestre de 2019.<\/p>\n<p style=\"font-weight: 400;\">O projeto \u00e9 estruturante, afirma o vice-reitor Camilo Farias &#8211; tamb\u00e9m, secret\u00e1rio de Planejamento -, explicando que as a\u00e7\u00f5es ser\u00e3o pautadas por prioridades e condi\u00e7\u00f5es de execu\u00e7\u00e3o. &#8220;A partir do diagn\u00f3stico do formul\u00e1rio, comporemos a nossa agenda. Equalizando esses crit\u00e9rios (prioridade e exequibilidade), promoveremos a\u00e7\u00f5es cada vez mais eficientes e sustent\u00e1veis&#8221;, salientou.<\/p>\n<p style=\"font-weight: 400;\"><strong>Formul\u00e1rio<\/strong><\/p>\n<p style=\"font-weight: 400;\">Composto por nove quest\u00f5es sobre as pr\u00e1ticas institucionais, avaliando as a\u00e7\u00f5es (caso implementadas) e coletando sugest\u00f5es para a gest\u00e3o sustent\u00e1vel nos centros de ensino e\/ou nos campi em que o entrevistado est\u00e1 inserido, o formul\u00e1rio estar\u00e1 dispon\u00edvel atrav\u00e9s de um banner localizado na parte superior do Portal da UFCG at\u00e9 o pr\u00f3ximo dia 30 de novembro, prazo final da pesquisa.<\/p>\n<p style=\"font-weight: 400;\">Elaborado em parceria com o Servi\u00e7o de Tecnologia da Informa\u00e7\u00e3o (STI), a pesquisa tamb\u00e9m ser\u00e1 encaminhada para o endere\u00e7o eletr\u00f4nico dos servidores e estudantes.<\/p>\n<p style=\"font-weight: 400;\">&#8220;O question\u00e1rio \u00e9 an\u00f4nimo e oportuniza ao entrevistado expressar sua compreens\u00e3o, opinando e propondo a\u00e7\u00f5es. A partir delas, teremos um mapa das nossas atua\u00e7\u00f5es e aus\u00eancias nas pr\u00e1ticas de sustentabilidade&#8221;, destacou Johnatan Brito, coordenador da equipe de elabora\u00e7\u00e3o do PLS.<\/p>\n<p style=\"font-weight: 400; text-align: right;\"><em><strong>Ascom UFCG<\/strong><\/em><\/p>\n","protected":false},"excerpt":{"rendered":"<p>A Universidade Federal de Campina Grande (UFCG) dar\u00e1 mais um passo para a implanta\u00e7\u00e3o do seu Plano de Log\u00edstica Sustent\u00e1vel (PLS). As a\u00e7\u00f5es que integrar\u00e3o&hellip; <\/p>\n","protected":false},"author":1,"featured_media":71197,"comment_status":"closed","ping_status":"closed","sticky":false,"template":"","format":"standard","meta":{"sfsi_plus_gutenberg_text_before_share":"","sfsi_plus_gutenberg_show_text_before_share":"","sfsi_plus_gutenberg_icon_type":"","sfsi_plus_gutenberg_icon_alignemt":"","sfsi_plus_gutenburg_max_per_row":"","footnotes":""},"categories":[14],"tags":[],"class_list":["post-71196","post","type-post","status-publish","format-standard","has-post-thumbnail","hentry","category-educacao"],"_links":{"self":[{"href":"https:\/\/www.caririemacao.com\/1\/wp-json\/wp\/v2\/posts\/71196","targetHints":{"allow":["GET"]}}],"collection":[{"href":"https:\/\/www.caririemacao.com\/1\/wp-json\/wp\/v2\/posts"}],"about":[{"href":"https:\/\/www.caririemacao.com\/1\/wp-json\/wp\/v2\/types\/post"}],"author":[{"embeddable":true,"href":"https:\/\/www.caririemacao.com\/1\/wp-json\/wp\/v2\/users\/1"}],"replies":[{"embeddable":true,"href":"https:\/\/www.caririemacao.com\/1\/wp-json\/wp\/v2\/comments?post=71196"}],"version-history":[{"count":2,"href":"https:\/\/www.caririemacao.com\/1\/wp-json\/wp\/v2\/posts\/71196\/revisions"}],"predecessor-version":[{"id":71199,"href":"https:\/\/www.caririemacao.com\/1\/wp-json\/wp\/v2\/posts\/71196\/revisions\/71199"}],"wp:featuredmedia":[{"embeddable":true,"href":"https:\/\/www.caririemacao.com\/1\/wp-json\/wp\/v2\/media\/71197"}],"wp:attachment":[{"href":"https:\/\/www.caririemacao.com\/1\/wp-json\/wp\/v2\/media?parent=71196"}],"wp:term":[{"taxonomy":"category","embeddable":true,"href":"https:\/\/www.caririemacao.com\/1\/wp-json\/wp\/v2\/categories?post=71196"},{"taxonomy":"post_tag","embeddable":true,"href":"https:\/\/www.caririemacao.com\/1\/wp-json\/wp\/v2\/tags?post=71196"}],"curies":[{"name":"wp","href":"https:\/\/api.w.org\/{rel}","templated":true}]}}