{"id":71200,"date":"2018-11-06T14:11:49","date_gmt":"2018-11-06T17:11:49","guid":{"rendered":"http:\/\/www.caririemacao.com\/1\/?p=71200"},"modified":"2018-11-06T14:11:49","modified_gmt":"2018-11-06T17:11:49","slug":"socio-de-agencia-ligada-a-disparos-em-massa-via-whatsapp-integra-time-de-bolsonaro","status":"publish","type":"post","link":"https:\/\/www.caririemacao.com\/1\/2018\/11\/06\/socio-de-agencia-ligada-a-disparos-em-massa-via-whatsapp-integra-time-de-bolsonaro\/","title":{"rendered":"S\u00f3cio de ag\u00eancia ligada a disparos em massa via WhatsApp integra time de Bolsonaro"},"content":{"rendered":"<div class=\"noticiacorpo\">\n<p>O empres\u00e1rio Marcos Aur\u00e9lio Carvalho, s\u00f3cio de uma empresa ligada \u00e0 investiga\u00e7\u00e3o sobre\u00a0envio em massa de mensagens via WhatsApp durante as elei\u00e7\u00f5es deste ano, foi nomeado nesta segunda-feira (5) para integrar a equipe de transi\u00e7\u00e3o do presidente eleito Jair Bolsonaro (PSL). Carvalho, que \u00e9 s\u00f3cio da maior fornecedora da campanha de Bolsonaro, diz que vai cuidar da \u00e1rea de comunica\u00e7\u00e3o da equipe de transi\u00e7\u00e3o. Seu sal\u00e1rio como membro da equipe ser\u00e1 de R$ 9,9 mil.<\/p>\n<p>O empres\u00e1rio \u00e9 s\u00f3cio da\u00a0AM4 Brasil Intelig\u00eancia Digital. A empresa est\u00e1 envolvida no caso investigado pela\u00a0<a href=\"https:\/\/noticias.uol.com.br\/politica\/eleicoes\/2018\/noticias\/2018\/10\/29\/pf-registros-apagados-envio-whatsapp.htm\"><strong>Pol\u00edcia Federal e pelo TSE (Tribunal Superior Eleitoral).<\/strong><\/a><\/p>\n<p>No dia 18 de outubro, uma reportagem publicada pelo jornal\u00a0<strong>Folha de S.Paulo<\/strong>revelou que\u00a0<a href=\"https:\/\/www1.folha.uol.com.br\/poder\/2018\/10\/empresarios-bancam-campanha-contra-o-pt-pelo-whatsapp.shtml\"><strong>empres\u00e1rios teriam comprado pacotes de disparos de mensagens de WhatsApp com conte\u00fado anti-PT<\/strong><\/a>\u00a0durante o primeiro turno das elei\u00e7\u00f5es presidenciais. Essa pr\u00e1tica \u00e9 considerada ilegal.<\/p>\n<p>No dia 26 de outubro, uma reportagem do\u00a0<strong>UOL<\/strong>\u00a0mostrou que a\u00a0<a href=\"https:\/\/noticias.uol.com.br\/politica\/eleicoes\/2018\/noticias\/2018\/10\/26\/bolsonaro-apagou-registro-whatsapp-pt-haddad-usou-sistema-mensagens.htm\"><strong>AM4 contratou disparos de mensagens junto a outra empresa investigada, a Yacows.<\/strong><\/a>Inicialmente, a\u00a0AM4 havia dito que n\u00e3o tinha contratado esse tipo de servi\u00e7o.<\/p>\n<p>A reportagem tamb\u00e9m mostrou que, no mesmo dia em que a mat\u00e9ria da\u00a0<strong>Folha\u00a0<\/strong>foi publicada, dados das campanhas contratadas pela AM4 junto \u00e0 Yacows foram apagados. Procurada, a AM4 disse que n\u00e3o foram seus funcion\u00e1rios que apagaram os dados do sistema.<\/p>\n<p>Segundo dados da Justi\u00e7a\u00a0Eleitoral, a AM4\u00a0\u00e9 a maior fornecedora da campanha de Jair Bolsonaro. Ela\u00a0recebeu\u00a0<strong>R$ 650 mil<\/strong>\u00a0para conduzir a campanha do ent\u00e3o presidenci\u00e1vel na internet. Esses valores podem ser ainda maiores porque o prazo final para a presta\u00e7\u00e3o de contas de quem disputou o segundo turno termina no dia 17 de novembro.<\/p>\n<h3>Nomeado diz que se afastou do comando da empresa<\/h3>\n<p>Segundo o cadastro de pessoas jur\u00eddicas da Receita Federal, Marcos Aur\u00e9lio \u00e9 um dos tr\u00eas s\u00f3cios da\u00a0AM4, que tem sede no munic\u00edpio de Barra Mansa (RJ). Nesse cadastro, ele aparece como &#8220;s\u00f3cio-administrador&#8221; da empresa ao lado do seu irm\u00e3o, Magno Carvalho, e do amigo Alexandre Jos\u00e9 Martins.<\/p>\n<p><strong>Na condi\u00e7\u00e3o de s\u00f3cio-administrador, Marcos Aur\u00e9lio estaria, em tese, impedido de assumir o cargo para o qual foi nomeado.<\/strong><\/p>\n<p>Isso porque a legisla\u00e7\u00e3o impede que servidores p\u00fablicos federais atuem como gestores ou administradores de empresas privadas.<\/p>\n<p>Procurado, o empres\u00e1rio informou que continua s\u00f3cio da empresa, mas se afastou da sua dire\u00e7\u00e3o.\u00a0&#8220;N\u00e3o h\u00e1 impeditivo em ser s\u00f3cio&#8221;, disse.<\/p>\n<p>Sobre seu afastamento da dire\u00e7\u00e3o da empresa, ele afirmou que recebeu o convite para integrar o grupo de transi\u00e7\u00e3o na quinta-feira da semana passada (1\u00ba) e que, como a sexta-feira (2) foi feriado, ele ainda aguarda a atualiza\u00e7\u00e3o dos dados da empresa na Junta Comercial do Rio de Janeiro.<\/p>\n<p>Segundo Carvalho, o convite para integrar a equipe de transi\u00e7\u00e3o foi feito pelo deputado federal Onyx Lorenzoni (DEM-RS), apontado como futuro ministro da Casa Civil de Bolsonaro.<\/p>\n<p>A reportagem entrou em contato com a assessoria de imprensa da equipe de transi\u00e7\u00e3o de Bolsonaro para questionar os termos nos quais a nomea\u00e7\u00e3o de Marcos Aur\u00e9lio Carvalho foi feita e se o fato de sua empresa estar vinculada \u00e0 investiga\u00e7\u00e3o sobre o uso em massa de mensagens via WhatsApp durante as elei\u00e7\u00f5es n\u00e3o criaria conflito de interesse.<\/p>\n<p>At\u00e9 a \u00faltima atualiza\u00e7\u00e3o desta mat\u00e9ria, a equipe n\u00e3o respondeu as quest\u00f5es.<\/p>\n<h3>Empresa diz n\u00e3o ter cometido ilegalidade<\/h3>\n<p>A AM4 enviou uma nota \u00e0 reportagem sobre a situa\u00e7\u00e3o da empresa em rela\u00e7\u00e3o \u00e0 investiga\u00e7\u00e3o do envio de mensagens via WhatsApp. Leia abaixo, na \u00edntegra:<\/p>\n<p><em>&#8220;A AM4 n\u00e3o faz, n\u00e3o contrata, n\u00e3o recomenda e tamb\u00e9m considera uma estrat\u00e9gia ineficaz o envio em massa de WhatsApps para n\u00fameros n\u00e3o cadastrados organicamente. Esclarece ainda que a AM4 n\u00e3o foi citada na investiga\u00e7\u00e3o eleitoral em quest\u00e3o.<\/em><\/p>\n<p><em>Sobre o fato de o registro do envio de WhatsApps para 8.000 e-mail cadastrados (ou seja, dentro da lei) terem sido apagados da plataforma Bullkservice, a AM4 mais uma vez vem a p\u00fablico dizer que n\u00e3o foi respons\u00e1vel por isso, e que j\u00e1 notificou extrajudicialmente a empresa dona da plataforma (Yacows) sobre a raz\u00e3o de isso ter acontecido. Tamb\u00e9m pediu esclarecimentos sobre o por que de o pagamento de R$ 1.680,00 pagos por esse envio ter sido estornado em forma de cr\u00e9ditos.\u00a0\u00a0<\/em><\/p>\n<p><em>O envio de 8000 WhatsApps n\u00e3o constitui disparo em massa e, sendo eles n\u00fameros de telefones cadastrados, para informar a doadores de campanha mudan\u00e7a de n\u00famero de suporte, como j\u00e1 noticiado,\u00a0 est\u00e3o rigorosamente dentro do que determina a legisla\u00e7\u00e3o eleitoral.\u00a0<\/em><\/p>\n<p><em>A AM4 deseja que esses fatos sejam elucidados e considera que a omiss\u00e3o dos seus esclarecimentos s\u00f3 ajudam a confundir, em vez de bem informar.&#8221;<\/em><\/p>\n<\/div>\n<p class=\"noticia_fonte\">UOL<\/p>\n","protected":false},"excerpt":{"rendered":"<p>O empres\u00e1rio Marcos Aur\u00e9lio Carvalho, s\u00f3cio de uma empresa ligada \u00e0 investiga\u00e7\u00e3o sobre\u00a0envio em massa de mensagens via WhatsApp durante as elei\u00e7\u00f5es deste ano, foi&hellip; <\/p>\n","protected":false},"author":1,"featured_media":71201,"comment_status":"closed","ping_status":"closed","sticky":false,"template":"","format":"standard","meta":{"sfsi_plus_gutenberg_text_before_share":"","sfsi_plus_gutenberg_show_text_before_share":"","sfsi_plus_gutenberg_icon_type":"","sfsi_plus_gutenberg_icon_alignemt":"","sfsi_plus_gutenburg_max_per_row":"","footnotes":""},"categories":[1],"tags":[],"class_list":["post-71200","post","type-post","status-publish","format-standard","has-post-thumbnail","hentry","category-o-site"],"_links":{"self":[{"href":"https:\/\/www.caririemacao.com\/1\/wp-json\/wp\/v2\/posts\/71200","targetHints":{"allow":["GET"]}}],"collection":[{"href":"https:\/\/www.caririemacao.com\/1\/wp-json\/wp\/v2\/posts"}],"about":[{"href":"https:\/\/www.caririemacao.com\/1\/wp-json\/wp\/v2\/types\/post"}],"author":[{"embeddable":true,"href":"https:\/\/www.caririemacao.com\/1\/wp-json\/wp\/v2\/users\/1"}],"replies":[{"embeddable":true,"href":"https:\/\/www.caririemacao.com\/1\/wp-json\/wp\/v2\/comments?post=71200"}],"version-history":[{"count":1,"href":"https:\/\/www.caririemacao.com\/1\/wp-json\/wp\/v2\/posts\/71200\/revisions"}],"predecessor-version":[{"id":71202,"href":"https:\/\/www.caririemacao.com\/1\/wp-json\/wp\/v2\/posts\/71200\/revisions\/71202"}],"wp:featuredmedia":[{"embeddable":true,"href":"https:\/\/www.caririemacao.com\/1\/wp-json\/wp\/v2\/media\/71201"}],"wp:attachment":[{"href":"https:\/\/www.caririemacao.com\/1\/wp-json\/wp\/v2\/media?parent=71200"}],"wp:term":[{"taxonomy":"category","embeddable":true,"href":"https:\/\/www.caririemacao.com\/1\/wp-json\/wp\/v2\/categories?post=71200"},{"taxonomy":"post_tag","embeddable":true,"href":"https:\/\/www.caririemacao.com\/1\/wp-json\/wp\/v2\/tags?post=71200"}],"curies":[{"name":"wp","href":"https:\/\/api.w.org\/{rel}","templated":true}]}}