{"id":71207,"date":"2018-11-06T14:18:42","date_gmt":"2018-11-06T17:18:42","guid":{"rendered":"http:\/\/www.caririemacao.com\/1\/?p=71207"},"modified":"2018-11-06T14:18:42","modified_gmt":"2018-11-06T17:18:42","slug":"adolescente-e-apreendido-apos-ser-flagrado-com-duas-espingardas-em-sousa","status":"publish","type":"post","link":"https:\/\/www.caririemacao.com\/1\/2018\/11\/06\/adolescente-e-apreendido-apos-ser-flagrado-com-duas-espingardas-em-sousa\/","title":{"rendered":"Adolescente \u00e9 apreendido ap\u00f3s ser flagrado com duas espingardas em Sousa"},"content":{"rendered":"<div class=\"noticiacorpo\">\n<p>Um adolescente foi apreendido na tarde desta segunda-feira (05), em posse de duas espingardas na cidade de\u00a0Sousa, sert\u00e3o do estado.<\/p>\n<div id=\"beacon_c36dcd6c65\"><img decoding=\"async\" src=\"https:\/\/adserver.diariodosertao.com.br\/www\/delivery\/lg.php?bannerid=344&amp;campaignid=54&amp;zoneid=126&amp;loc=https%3A%2F%2Fwww.diariodosertao.com.br%2Fnoticias%2Fpolicial%2F285853%2Fadolescente-e-apreendido-apos-ser-flagrado-em-posse-de-duas-espingardas-na-cidade-de-sousa.html&amp;referer=https%3A%2F%2Fwww.diariodosertao.com.br%2F&amp;cb=c36dcd6c65\" width=\"\" height=\"\" \/>Segundo informa\u00e7\u00f5es da Pol\u00edcia Civil, agentes da Delegacia de Roubos e Furtos, realizaram a apreens\u00e3o. Com o menor estavam duas espingardas, uma de calibre 12 e outra de fabrica\u00e7\u00e3o caseira.<\/div>\n<p>A apreens\u00e3o aconteceu no Conjunto Frei Dami\u00e3o.<\/p>\n<p>O adolescente foi conduzido para a delegacia de Pol\u00edcia Civil onde foram adotadas as medidas cab\u00edveis ao caso.<\/p>\n<p>De acordo com o Artigo 16 da Lei n\u00ba 10.826 de 22 de Dezembro de 2003<br \/>\nPossuir, deter, portar, adquirir, fornecer, receber, ter em dep\u00f3sito, transportar, ceder, ainda que gratuitamente, emprestar, remeter, empregar, manter sob sua guarda ou ocultar arma de fogo, acess\u00f3rio ou muni\u00e7\u00e3o de uso proibido ou restrito, sem autoriza\u00e7\u00e3o e em desacordo com determina\u00e7\u00e3o legal ou regulamentar:<\/p>\n<p>Pena \u2013 reclus\u00e3o, de 3 (tr\u00eas) a 6 (seis) anos, e multa.<\/p>\n<\/div>\n<p class=\"noticia_fonte\">Di\u00e1rio do Sert\u00e3o<\/p>\n","protected":false},"excerpt":{"rendered":"<p>Um adolescente foi apreendido na tarde desta segunda-feira (05), em posse de duas espingardas na cidade de\u00a0Sousa, sert\u00e3o do estado. Segundo informa\u00e7\u00f5es da Pol\u00edcia Civil,&hellip; <\/p>\n","protected":false},"author":1,"featured_media":71208,"comment_status":"closed","ping_status":"closed","sticky":false,"template":"","format":"standard","meta":{"sfsi_plus_gutenberg_text_before_share":"","sfsi_plus_gutenberg_show_text_before_share":"","sfsi_plus_gutenberg_icon_type":"","sfsi_plus_gutenberg_icon_alignemt":"","sfsi_plus_gutenburg_max_per_row":"","footnotes":""},"categories":[12],"tags":[],"class_list":["post-71207","post","type-post","status-publish","format-standard","has-post-thumbnail","hentry","category-policia"],"_links":{"self":[{"href":"https:\/\/www.caririemacao.com\/1\/wp-json\/wp\/v2\/posts\/71207","targetHints":{"allow":["GET"]}}],"collection":[{"href":"https:\/\/www.caririemacao.com\/1\/wp-json\/wp\/v2\/posts"}],"about":[{"href":"https:\/\/www.caririemacao.com\/1\/wp-json\/wp\/v2\/types\/post"}],"author":[{"embeddable":true,"href":"https:\/\/www.caririemacao.com\/1\/wp-json\/wp\/v2\/users\/1"}],"replies":[{"embeddable":true,"href":"https:\/\/www.caririemacao.com\/1\/wp-json\/wp\/v2\/comments?post=71207"}],"version-history":[{"count":1,"href":"https:\/\/www.caririemacao.com\/1\/wp-json\/wp\/v2\/posts\/71207\/revisions"}],"predecessor-version":[{"id":71209,"href":"https:\/\/www.caririemacao.com\/1\/wp-json\/wp\/v2\/posts\/71207\/revisions\/71209"}],"wp:featuredmedia":[{"embeddable":true,"href":"https:\/\/www.caririemacao.com\/1\/wp-json\/wp\/v2\/media\/71208"}],"wp:attachment":[{"href":"https:\/\/www.caririemacao.com\/1\/wp-json\/wp\/v2\/media?parent=71207"}],"wp:term":[{"taxonomy":"category","embeddable":true,"href":"https:\/\/www.caririemacao.com\/1\/wp-json\/wp\/v2\/categories?post=71207"},{"taxonomy":"post_tag","embeddable":true,"href":"https:\/\/www.caririemacao.com\/1\/wp-json\/wp\/v2\/tags?post=71207"}],"curies":[{"name":"wp","href":"https:\/\/api.w.org\/{rel}","templated":true}]}}