{"id":71228,"date":"2018-11-06T17:59:50","date_gmt":"2018-11-06T20:59:50","guid":{"rendered":"http:\/\/www.caririemacao.com\/1\/?p=71228"},"modified":"2018-11-06T17:59:50","modified_gmt":"2018-11-06T20:59:50","slug":"secretaria-de-saude-de-monteiro-promove-capacitacao-para-equipes-da-upa-e-samu","status":"publish","type":"post","link":"https:\/\/www.caririemacao.com\/1\/2018\/11\/06\/secretaria-de-saude-de-monteiro-promove-capacitacao-para-equipes-da-upa-e-samu\/","title":{"rendered":"Secretaria de Sa\u00fade de Monteiro promove capacita\u00e7\u00e3o para equipes da UPA e SAMU"},"content":{"rendered":"<p>O curso de APH \u2013 Atendimento Pr\u00e9 Hospitalar \u2013 Primeiros Socorros objetiva a prepara\u00e7\u00e3o dos fundamentos como: Condi\u00e7\u00f5es b\u00e1sicas de prestar os primeiros socorros capacitando os profissionais a prestar cuidados imediatos a v\u00edtima de acidente ou mal s\u00fabito, evitando assim, o agravamento de suas condi\u00e7\u00f5es f\u00edsicas, aplicando medidas e procedimentos.<\/p>\n<p>Durante este primeiro m\u00f3dulo foram abordados os m\u00e9todos necess\u00e1rios para agir na preven\u00e7\u00e3o, e em casos de emerg\u00eancias com tranquilidade, agilidade e seguran\u00e7a.<\/p>\n<p>O segundo m\u00f3dulo do programa de aperfei\u00e7oamento acontecer\u00e1 nos dias 15 e 16 de novembro, e al\u00e9m de aberto para os funcion\u00e1rios do SAMU que compreendem m\u00e9dicos, enfermeiros e t\u00e9cnicos e condutores; a equipe de enfermeiros e t\u00e9cnicos da UPA \u2013 Unidade de Pronto Atendimento 24h tamb\u00e9m participar\u00e1.<\/p>\n<p>Neste pr\u00f3ximo m\u00f3dulo haver\u00e1 aulas te\u00f3ricas e as pr\u00e1ticas ser\u00e3o feitas em pra\u00e7a p\u00fablica para que a popula\u00e7\u00e3o tamb\u00e9m possa aprender algumas manobras de situa\u00e7\u00f5es que podem acontecer no dia-a-dia.<\/p>\n<p>\u201cNossa inten\u00e7\u00e3o \u00e9 capacitar sempre e informar tamb\u00e9m a popula\u00e7\u00e3o. Somos a comiss\u00e3o de frente dos servi\u00e7os de pronto atendimento e a excel\u00eancia no atendimento \u00e9 nossa prioridade\u201d, acrescenta An\u00e1lia Aleixo, que est\u00e1 a frente da capacita\u00e7\u00e3o.<\/p>\n<p>&nbsp;<\/p>\n<p>Ascom\/Monteiro<\/p>\n","protected":false},"excerpt":{"rendered":"<p>O curso de APH \u2013 Atendimento Pr\u00e9 Hospitalar \u2013 Primeiros Socorros objetiva a prepara\u00e7\u00e3o dos fundamentos como: Condi\u00e7\u00f5es b\u00e1sicas de prestar os primeiros socorros capacitando&hellip; <\/p>\n","protected":false},"author":1,"featured_media":71229,"comment_status":"closed","ping_status":"closed","sticky":false,"template":"","format":"standard","meta":{"sfsi_plus_gutenberg_text_before_share":"","sfsi_plus_gutenberg_show_text_before_share":"","sfsi_plus_gutenberg_icon_type":"","sfsi_plus_gutenberg_icon_alignemt":"","sfsi_plus_gutenburg_max_per_row":"","footnotes":""},"categories":[16],"tags":[],"class_list":["post-71228","post","type-post","status-publish","format-standard","has-post-thumbnail","hentry","category-saude"],"_links":{"self":[{"href":"https:\/\/www.caririemacao.com\/1\/wp-json\/wp\/v2\/posts\/71228","targetHints":{"allow":["GET"]}}],"collection":[{"href":"https:\/\/www.caririemacao.com\/1\/wp-json\/wp\/v2\/posts"}],"about":[{"href":"https:\/\/www.caririemacao.com\/1\/wp-json\/wp\/v2\/types\/post"}],"author":[{"embeddable":true,"href":"https:\/\/www.caririemacao.com\/1\/wp-json\/wp\/v2\/users\/1"}],"replies":[{"embeddable":true,"href":"https:\/\/www.caririemacao.com\/1\/wp-json\/wp\/v2\/comments?post=71228"}],"version-history":[{"count":1,"href":"https:\/\/www.caririemacao.com\/1\/wp-json\/wp\/v2\/posts\/71228\/revisions"}],"predecessor-version":[{"id":71230,"href":"https:\/\/www.caririemacao.com\/1\/wp-json\/wp\/v2\/posts\/71228\/revisions\/71230"}],"wp:featuredmedia":[{"embeddable":true,"href":"https:\/\/www.caririemacao.com\/1\/wp-json\/wp\/v2\/media\/71229"}],"wp:attachment":[{"href":"https:\/\/www.caririemacao.com\/1\/wp-json\/wp\/v2\/media?parent=71228"}],"wp:term":[{"taxonomy":"category","embeddable":true,"href":"https:\/\/www.caririemacao.com\/1\/wp-json\/wp\/v2\/categories?post=71228"},{"taxonomy":"post_tag","embeddable":true,"href":"https:\/\/www.caririemacao.com\/1\/wp-json\/wp\/v2\/tags?post=71228"}],"curies":[{"name":"wp","href":"https:\/\/api.w.org\/{rel}","templated":true}]}}