{"id":71231,"date":"2018-11-06T18:07:46","date_gmt":"2018-11-06T21:07:46","guid":{"rendered":"http:\/\/www.caririemacao.com\/1\/?p=71231"},"modified":"2018-11-06T18:07:46","modified_gmt":"2018-11-06T21:07:46","slug":"sao-sebastiao-do-umbuzeiro-realizara-primeira-feira-de-artesanato-neste-mes-de-novembro","status":"publish","type":"post","link":"https:\/\/www.caririemacao.com\/1\/2018\/11\/06\/sao-sebastiao-do-umbuzeiro-realizara-primeira-feira-de-artesanato-neste-mes-de-novembro\/","title":{"rendered":"S\u00e3o Sebasti\u00e3o do Umbuzeiro realizar\u00e1 primeira Feira de Artesanato neste m\u00eas de novembro"},"content":{"rendered":"<p><img fetchpriority=\"high\" decoding=\"async\" class=\"wp-image-54311 alignleft\" src=\"http:\/\/deolhonocariri.com.br\/wp-content\/uploads\/2018\/07\/sao-sebasti%C3%A3o-umbuzeiro.jpg\" sizes=\"(max-width: 670px) 100vw, 670px\" srcset=\"http:\/\/deolhonocariri.com.br\/wp-content\/uploads\/2018\/07\/sao-sebasti\u00e3o-umbuzeiro.jpg 874w, http:\/\/deolhonocariri.com.br\/wp-content\/uploads\/2018\/07\/sao-sebasti\u00e3o-umbuzeiro-400x217.jpg 400w, http:\/\/deolhonocariri.com.br\/wp-content\/uploads\/2018\/07\/sao-sebasti\u00e3o-umbuzeiro-600x326.jpg 600w, http:\/\/deolhonocariri.com.br\/wp-content\/uploads\/2018\/07\/sao-sebasti\u00e3o-umbuzeiro-768x417.jpg 768w\" alt=\"\" width=\"436\" height=\"237\" \/><\/p>\n<p>O munic\u00edpio de S\u00e3o Sebasti\u00e3o do Umbuzeiro realizar\u00e1 nos pr\u00f3ximos dias 16 e 17 de novembro, a 1\u00aa Feira de Artesanato do munic\u00edpio. O evento acontecer\u00e1 na Pra\u00e7a de eventos, e conta com total apoio e realiza\u00e7\u00e3o da Prefeitura Municipal.<\/p>\n<p>O Prefeito Adriano Wolff afirmou que objetivo da feira \u00e9 incentivar a gera\u00e7\u00e3o de emprego e renda atrav\u00e9s do artesanato, uma pr\u00e1tica bastante desenvolvida no munic\u00edpio.<\/p>\n<p>As modalidades de artesanato produzidas em S\u00e3o Sebasti\u00e3o do Umbuzeiro s\u00e3o: renda, renascen\u00e7a, artesanato em eva e feltro, garrafas e jarros personalizados, croch\u00ea, biscuit, pintura, fruteiras em cimento, la\u00e7os, tiaras, bordados, aplica\u00e7\u00f5es em tecidos, fuxico, e muito outros.<\/p>\n<p>Ascom SSU<\/p>\n","protected":false},"excerpt":{"rendered":"<p>O munic\u00edpio de S\u00e3o Sebasti\u00e3o do Umbuzeiro realizar\u00e1 nos pr\u00f3ximos dias 16 e 17 de novembro, a 1\u00aa Feira de Artesanato do munic\u00edpio. O evento&hellip; <\/p>\n","protected":false},"author":1,"featured_media":71232,"comment_status":"closed","ping_status":"closed","sticky":false,"template":"","format":"standard","meta":{"sfsi_plus_gutenberg_text_before_share":"","sfsi_plus_gutenberg_show_text_before_share":"","sfsi_plus_gutenberg_icon_type":"","sfsi_plus_gutenberg_icon_alignemt":"","sfsi_plus_gutenburg_max_per_row":"","footnotes":""},"categories":[6],"tags":[],"class_list":["post-71231","post","type-post","status-publish","format-standard","has-post-thumbnail","hentry","category-cidades"],"_links":{"self":[{"href":"https:\/\/www.caririemacao.com\/1\/wp-json\/wp\/v2\/posts\/71231","targetHints":{"allow":["GET"]}}],"collection":[{"href":"https:\/\/www.caririemacao.com\/1\/wp-json\/wp\/v2\/posts"}],"about":[{"href":"https:\/\/www.caririemacao.com\/1\/wp-json\/wp\/v2\/types\/post"}],"author":[{"embeddable":true,"href":"https:\/\/www.caririemacao.com\/1\/wp-json\/wp\/v2\/users\/1"}],"replies":[{"embeddable":true,"href":"https:\/\/www.caririemacao.com\/1\/wp-json\/wp\/v2\/comments?post=71231"}],"version-history":[{"count":1,"href":"https:\/\/www.caririemacao.com\/1\/wp-json\/wp\/v2\/posts\/71231\/revisions"}],"predecessor-version":[{"id":71233,"href":"https:\/\/www.caririemacao.com\/1\/wp-json\/wp\/v2\/posts\/71231\/revisions\/71233"}],"wp:featuredmedia":[{"embeddable":true,"href":"https:\/\/www.caririemacao.com\/1\/wp-json\/wp\/v2\/media\/71232"}],"wp:attachment":[{"href":"https:\/\/www.caririemacao.com\/1\/wp-json\/wp\/v2\/media?parent=71231"}],"wp:term":[{"taxonomy":"category","embeddable":true,"href":"https:\/\/www.caririemacao.com\/1\/wp-json\/wp\/v2\/categories?post=71231"},{"taxonomy":"post_tag","embeddable":true,"href":"https:\/\/www.caririemacao.com\/1\/wp-json\/wp\/v2\/tags?post=71231"}],"curies":[{"name":"wp","href":"https:\/\/api.w.org\/{rel}","templated":true}]}}