{"id":71237,"date":"2018-11-06T22:34:48","date_gmt":"2018-11-07T01:34:48","guid":{"rendered":"http:\/\/www.caririemacao.com\/1\/?p=71237"},"modified":"2018-11-06T22:34:48","modified_gmt":"2018-11-07T01:34:48","slug":"pt-entra-com-acao-para-tentar-impedir-moro-de-assumir-ministerio","status":"publish","type":"post","link":"https:\/\/www.caririemacao.com\/1\/2018\/11\/06\/pt-entra-com-acao-para-tentar-impedir-moro-de-assumir-ministerio\/","title":{"rendered":"PT entra com a\u00e7\u00e3o para tentar impedir Moro de assumir minist\u00e9rio"},"content":{"rendered":"<div class=\"ads-980-100 hidden-sm hidden-md hidden-lg\">\n<div class=\"container-fluid\">\n<div class=\"row\">\n<div class=\"col-xs-12 col-sm-12 col-md-12 col-lg-12\"><\/div>\n<\/div>\n<\/div>\n<\/div>\n<div class=\"content\">\n<p>O PT entrou com uma representa\u00e7\u00e3o no Conselho Nacional de Justi\u00e7a (CNJ) contra o juiz federal S\u00e9rgio Moro em que pede que ele seja impedido de assumir o cargo de ministro da Justi\u00e7a no governo do presidente eleito Jair Bolsonaro.<\/p>\n<p>O partido argumenta que Moro n\u00e3o pode se exonerar do cargo de juiz, o que \u00e9 necess\u00e1rio para que possa assumir o de ministro, enquanto responde a apura\u00e7\u00f5es disciplinares.<\/p>\n<p>O PT cita o artigo 27 da resolu\u00e7\u00e3o 135\/2011 do CNJ, segundo o qual \u201co magistrado que estiver respondendo a processo administrativo disciplinar s\u00f3 ter\u00e1 apreciado o pedido de aposentadoria volunt\u00e1ria ap\u00f3s a conclus\u00e3o do processo ou do cumprimento da penalidade\u201d.<\/p>\n<p>O pr\u00f3prio PT questiona no \u00f3rg\u00e3o, em diferentes representa\u00e7\u00f5es, a imparcialidade de Moro para julgar o ex-presidente Luiz In\u00e1cio Lula da Silva.<\/p>\n<p>S\u00e3o alvo de questionamentos atos do juiz como a divulga\u00e7\u00e3o de \u00e1udio com conversas gravadas da ex-presidente Dilma Rousseff e a condu\u00e7\u00e3o coercitiva de Lula.<\/p>\n<div id=\"attachment_106223\" class=\"wp-caption aligncenter\"><img decoding=\"async\" class=\"wp-image-106223 size-full lazyloaded\" src=\"https:\/\/paraibaonline.com.br\/wp-content\/uploads\/2016\/12\/SERGIO-MORO-4.jpg\" sizes=\"(max-width: 800px) 100vw, 800px\" srcset=\"https:\/\/paraibaonline.com.br\/wp-content\/uploads\/2016\/12\/SERGIO-MORO-4.jpg 800w, https:\/\/paraibaonline.com.br\/wp-content\/uploads\/2016\/12\/SERGIO-MORO-4-556x417.jpg 556w\" alt=\"Foto: Ag\u00eancia Senado\" data-lazy-src=\"https:\/\/paraibaonline.com.br\/wp-content\/uploads\/2016\/12\/SERGIO-MORO-4.jpg\" data-lazy-srcset=\"https:\/\/paraibaonline.com.br\/wp-content\/uploads\/2016\/12\/SERGIO-MORO-4.jpg 800w, https:\/\/paraibaonline.com.br\/wp-content\/uploads\/2016\/12\/SERGIO-MORO-4-556x417.jpg 556w\" data-lazy-sizes=\"(max-width: 800px) 100vw, 800px\" data-was-processed=\"true\" \/><\/p>\n<p class=\"wp-caption-text\">Foto: Ag\u00eancia Senado<\/p>\n<\/div>\n<p>Representa\u00e7\u00e3o<br \/>\nMais recentemente, o PT abriu representa\u00e7\u00e3o contra Moro ap\u00f3s a divulga\u00e7\u00e3o pelo juiz, dias antes do primeiro turno das elei\u00e7\u00f5es, da dela\u00e7\u00e3o premiada na qual o ex-ministro da Fazenda Ant\u00f4nio Palocci implica Lula em atos de corrup\u00e7\u00e3o investigados na Lava Jato.<\/p>\n<p>Na representa\u00e7\u00e3o protocolado nesta ter\u00e7a-feira (6), o PT volta a acusar Moro de interferir no processo eleitoral.<\/p>\n<p>O partido cita declara\u00e7\u00f5es do vice-presidente eleito, general Hamilton Mour\u00e3o, que \u00e0 imprensa disse que \u201cdurante a campanha foi feito um contato\u201d sobre a poss\u00edvel ida do juiz para o Minist\u00e9rio da Justi\u00e7a.<\/p>\n<p>\u201c\u00c9 muito evidente \u2013 agora mais que antes \u2013 que a libera\u00e7\u00e3o do sigilo de uma colabora\u00e7\u00e3o premiada com potencial de prejudicar um dos candidatos e que, no mesmo sentido, beneficia o outro, interferindo ilicitamente na disputa que se operou, fora feita em interesse particular, parcial, de um juiz que fora convidado a compor o governo do candidato que intentou beneficiar\u201d, diz a pe\u00e7a assinada por nove congressistas do PT.<\/p>\n<p>Em resposta ao corregedor Nacional de Justi\u00e7a, Humberto Martins, Moro negou que tenha tido \u201cqualquer inten\u00e7\u00e3o\u201d de interferir no processo eleitoral e disse que o PT, ao acionar o CNJ, busca \u201ccercear decis\u00f5es da Justi\u00e7a que contrariam os seus interesses partid\u00e1rios\u201d.<\/p>\n<\/div>\n","protected":false},"excerpt":{"rendered":"<p>O PT entrou com uma representa\u00e7\u00e3o no Conselho Nacional de Justi\u00e7a (CNJ) contra o juiz federal S\u00e9rgio Moro em que pede que ele seja impedido&hellip; <\/p>\n","protected":false},"author":1,"featured_media":39209,"comment_status":"closed","ping_status":"closed","sticky":false,"template":"","format":"standard","meta":{"sfsi_plus_gutenberg_text_before_share":"","sfsi_plus_gutenberg_show_text_before_share":"","sfsi_plus_gutenberg_icon_type":"","sfsi_plus_gutenberg_icon_alignemt":"","sfsi_plus_gutenburg_max_per_row":"","footnotes":""},"categories":[1],"tags":[],"class_list":["post-71237","post","type-post","status-publish","format-standard","has-post-thumbnail","hentry","category-o-site"],"_links":{"self":[{"href":"https:\/\/www.caririemacao.com\/1\/wp-json\/wp\/v2\/posts\/71237","targetHints":{"allow":["GET"]}}],"collection":[{"href":"https:\/\/www.caririemacao.com\/1\/wp-json\/wp\/v2\/posts"}],"about":[{"href":"https:\/\/www.caririemacao.com\/1\/wp-json\/wp\/v2\/types\/post"}],"author":[{"embeddable":true,"href":"https:\/\/www.caririemacao.com\/1\/wp-json\/wp\/v2\/users\/1"}],"replies":[{"embeddable":true,"href":"https:\/\/www.caririemacao.com\/1\/wp-json\/wp\/v2\/comments?post=71237"}],"version-history":[{"count":1,"href":"https:\/\/www.caririemacao.com\/1\/wp-json\/wp\/v2\/posts\/71237\/revisions"}],"predecessor-version":[{"id":71238,"href":"https:\/\/www.caririemacao.com\/1\/wp-json\/wp\/v2\/posts\/71237\/revisions\/71238"}],"wp:featuredmedia":[{"embeddable":true,"href":"https:\/\/www.caririemacao.com\/1\/wp-json\/wp\/v2\/media\/39209"}],"wp:attachment":[{"href":"https:\/\/www.caririemacao.com\/1\/wp-json\/wp\/v2\/media?parent=71237"}],"wp:term":[{"taxonomy":"category","embeddable":true,"href":"https:\/\/www.caririemacao.com\/1\/wp-json\/wp\/v2\/categories?post=71237"},{"taxonomy":"post_tag","embeddable":true,"href":"https:\/\/www.caririemacao.com\/1\/wp-json\/wp\/v2\/tags?post=71237"}],"curies":[{"name":"wp","href":"https:\/\/api.w.org\/{rel}","templated":true}]}}