{"id":71243,"date":"2018-11-06T22:59:51","date_gmt":"2018-11-07T01:59:51","guid":{"rendered":"http:\/\/www.caririemacao.com\/1\/?p=71243"},"modified":"2018-11-06T22:59:51","modified_gmt":"2018-11-07T01:59:51","slug":"projetos-sobre-radios-comunitarias-sao-rejeitados-pelo-congresso","status":"publish","type":"post","link":"https:\/\/www.caririemacao.com\/1\/2018\/11\/06\/projetos-sobre-radios-comunitarias-sao-rejeitados-pelo-congresso\/","title":{"rendered":"Projetos sobre r\u00e1dios comunit\u00e1rias s\u00e3o rejeitados pelo Congresso"},"content":{"rendered":"<p>Alvo do trabalho desenvolvido pela Abratel, tr\u00eas Projetos de Lei do Senado (PLS) que trazem benef\u00edcios question\u00e1veis \u00e0s r\u00e1dios comunit\u00e1rias foram rejeitados, por 7 votos a 4, na reuni\u00e3o de deste m\u00eas do Conselho de Comunica\u00e7\u00e3o Social (CCS) do Congresso Nacional.\u00a0Uma vit\u00f3ria para a radiodifus\u00e3o comercial no que diz respeito \u00e0 concorr\u00eancia injusta.<\/p>\n<p>Um deles (PLS 55\/2016, do senador Donizeti Nogueira (PT-TO)) visa permitir o custeio da opera\u00e7\u00e3o de r\u00e1dios comunit\u00e1rias por meio da venda de publicidade e propaganda comercial; outro (PLS 513\/2017, do senador H\u00e9lio Jos\u00e9 (PROS-DF)) disp\u00f5e sobre o aumento de pot\u00eancia das r\u00e1dios comunit\u00e1rias em mais de dez vezes, o que as equipara com as r\u00e1dios comerciais; e o terceiro (PLS 410\/2017, tamb\u00e9m do senador H\u00e9lio Jos\u00e9) objetiva dispensar da arrecada\u00e7\u00e3o de direitos autorais a veicula\u00e7\u00e3o de m\u00fasicas pelas prestadoras do servi\u00e7o de radiodifus\u00e3o comunit\u00e1ria.<\/p>\n<p>A decis\u00e3o serve como par\u00e2metro t\u00e9cnico para futuras an\u00e1lises. A pr\u00f3xima etapa \u00e9 remeter a conclus\u00e3o ao presidente do Congresso Nacional, senador Eun\u00edcio Oliveira, que enviar\u00e1 a delibera\u00e7\u00e3o \u00e0s comiss\u00f5es que examinam os projetos, tanto na C\u00e2mara quanto no Senado. O documento auxiliar\u00e1 os parlamentares no processo de decis\u00e3o sobre a pertin\u00eancia das proposi\u00e7\u00f5es.<\/p>\n<p><strong>Atua\u00e7\u00e3o marcante<\/strong><\/p>\n<p>Em junho deste ano, a Abratel encaminhou a todos os senadores um of\u00edcio no qual demonstrava preocupa\u00e7\u00e3o com os referidos PLS. O documento assinado pelo presidente da Abratel, M\u00e1rcio Novaes, explica os impactos causados por cada um dos projetos.<\/p>\n<p>No m\u00eas seguinte, o CCS acatou o pedido da nossa associa\u00e7\u00e3o e comp\u00f4s uma comiss\u00e3o para analisar os tr\u00eas projetos que tratam das r\u00e1dios comunit\u00e1rias. A Abratel trabalhou e continua trabalhando, sem medir esfor\u00e7os, para que esta injusti\u00e7a n\u00e3o se perpetue.<\/p>\n<p>Os tr\u00eas projetos, al\u00e9m de invi\u00e1veis e inconstitucionais, representam o fechamento de muitas r\u00e1dios comerciais que geram informa\u00e7\u00f5es, entretenimento e servi\u00e7os gratuitos e de qualidade para a popula\u00e7\u00e3o. Estas r\u00e1dios, que contribuem com o pagamento de impostos, diferentemente das comunit\u00e1rias, tamb\u00e9m s\u00e3o respons\u00e1veis pela gera\u00e7\u00e3o de muitos empregos, que est\u00e3o comprometidos pela possibilidade de aprova\u00e7\u00e3o das referidas mat\u00e9rias.<\/p>\n<p>\u00c9 importante ressaltar que o procedimento\u00a0\u00a0 de aquisi\u00e7\u00e3o de concess\u00e3o para r\u00e1dio comercial \u00e9 extremamente complexo, burocr\u00e1tico e oneroso, sendo necess\u00e1rio um processo licitat\u00f3rio cercado de obriga\u00e7\u00f5es legais para o radiodifusor. J\u00e1\u00a0 para as r\u00e1dios comunit\u00e1rias, a autoriza\u00e7\u00e3o de uso \u00e9 simplificada e n\u00e3o se submete grande arcabou\u00e7o jur\u00eddico que permeia a concess\u00e3o e manuten\u00e7\u00e3o da outorga para as r\u00e1dios comerciais. Comparar estes dois servi\u00e7os e permitir que tais projetos de lei caminhem, s\u00e3o injusti\u00e7as sem precedentes com o setor de radiodifus\u00e3o.<\/p>\n","protected":false},"excerpt":{"rendered":"<p>Alvo do trabalho desenvolvido pela Abratel, tr\u00eas Projetos de Lei do Senado (PLS) que trazem benef\u00edcios question\u00e1veis \u00e0s r\u00e1dios comunit\u00e1rias foram rejeitados, por 7 votos&hellip; <\/p>\n","protected":false},"author":1,"featured_media":71244,"comment_status":"closed","ping_status":"closed","sticky":false,"template":"","format":"standard","meta":{"sfsi_plus_gutenberg_text_before_share":"","sfsi_plus_gutenberg_show_text_before_share":"","sfsi_plus_gutenberg_icon_type":"","sfsi_plus_gutenberg_icon_alignemt":"","sfsi_plus_gutenburg_max_per_row":"","footnotes":""},"categories":[2],"tags":[],"class_list":["post-71243","post","type-post","status-publish","format-standard","has-post-thumbnail","hentry","category-geral"],"_links":{"self":[{"href":"https:\/\/www.caririemacao.com\/1\/wp-json\/wp\/v2\/posts\/71243","targetHints":{"allow":["GET"]}}],"collection":[{"href":"https:\/\/www.caririemacao.com\/1\/wp-json\/wp\/v2\/posts"}],"about":[{"href":"https:\/\/www.caririemacao.com\/1\/wp-json\/wp\/v2\/types\/post"}],"author":[{"embeddable":true,"href":"https:\/\/www.caririemacao.com\/1\/wp-json\/wp\/v2\/users\/1"}],"replies":[{"embeddable":true,"href":"https:\/\/www.caririemacao.com\/1\/wp-json\/wp\/v2\/comments?post=71243"}],"version-history":[{"count":1,"href":"https:\/\/www.caririemacao.com\/1\/wp-json\/wp\/v2\/posts\/71243\/revisions"}],"predecessor-version":[{"id":71245,"href":"https:\/\/www.caririemacao.com\/1\/wp-json\/wp\/v2\/posts\/71243\/revisions\/71245"}],"wp:featuredmedia":[{"embeddable":true,"href":"https:\/\/www.caririemacao.com\/1\/wp-json\/wp\/v2\/media\/71244"}],"wp:attachment":[{"href":"https:\/\/www.caririemacao.com\/1\/wp-json\/wp\/v2\/media?parent=71243"}],"wp:term":[{"taxonomy":"category","embeddable":true,"href":"https:\/\/www.caririemacao.com\/1\/wp-json\/wp\/v2\/categories?post=71243"},{"taxonomy":"post_tag","embeddable":true,"href":"https:\/\/www.caririemacao.com\/1\/wp-json\/wp\/v2\/tags?post=71243"}],"curies":[{"name":"wp","href":"https:\/\/api.w.org\/{rel}","templated":true}]}}