{"id":71252,"date":"2018-11-06T23:56:49","date_gmt":"2018-11-07T02:56:49","guid":{"rendered":"http:\/\/www.caririemacao.com\/1\/?p=71252"},"modified":"2018-11-07T00:04:39","modified_gmt":"2018-11-07T03:04:39","slug":"escolas-particulares-de-sume-assinam-tac-com-procon","status":"publish","type":"post","link":"https:\/\/www.caririemacao.com\/1\/2018\/11\/06\/escolas-particulares-de-sume-assinam-tac-com-procon\/","title":{"rendered":"Escolas particulares de Sum\u00e9 assinam TAC com Procon"},"content":{"rendered":"<p>O Procon Estadual &#8211; n\u00facleo Sum\u00e9 convocou uma reuni\u00e3o com as institui\u00e7\u00f5es de ensino privado do munic\u00edpio, objetivando a assinatura de um termo de ajustamento de conduta (TAC).<\/p>\n<p>Durante a reuni\u00e3o as escolas e o PROCON discutiram e ajustaram uma s\u00e9rie de medidas de prote\u00e7\u00e3o aos alunos e que visa garantir o direito constitucional \u00e0 educa\u00e7\u00e3o.<\/p>\n<p>O termo do TAC regulamenta o reajustar o valor de suas mensalidades, bem como condi\u00e7\u00f5es para matriculas de alunos com d\u00e9bitos em outras institui\u00e7\u00f5es, al\u00e9m de medidas que visa evita o constrangimento.<\/p>\n<p>A institui\u00e7\u00e3o que descumprir o acordo poder\u00e1 ser penalizada na forma da lei. Confira na integra as novas medianas que devem ser respeitadas a partir de 2019:<\/p>\n<p>\u2013 As Escolas devidamente legalizadas, ou seja, com alvar\u00e1 de funcionamento na cidade de Sum\u00e9 por seus devidos representantes legais, s\u00f3 podem reajustar o valor de suas mensalidades em at\u00e9 10% do valor atual.<\/p>\n<p>\u2013 Fica acordado que nenhum aluno pode deixar de ser matriculado em nenhuma das institui\u00e7\u00f5es de educa\u00e7\u00e3o particular desta cidade por nenhum outro motivo que n\u00e3o seja inadimpl\u00eancia na mesma escola, ou seja, nenhuma escola pode deixar de matricular aluno com debito em outra escola, assim como tamb\u00e9m n\u00e3o pode ser condicionado ao aluno para que seja aceito sua matricula assinar ou aceitar qualquer outro tipo de contrato ou de produto que por ventura venha ser oferecido ou imposto pela escola.<\/p>\n<p>&#8211; Fica acordado tamb\u00e9m que n\u00e3o se pode reter nenhuma documenta\u00e7\u00e3o de qualquer natureza do aluno inclusive transfer\u00eancia por inadimpl\u00eancia.<\/p>\n<p>&#8211; Ficam terminantemente proibidas de retirar todo e qualquer aluno de sala de aula por n\u00e3o est\u00e1 com o devido material did\u00e1tico.<\/p>\n<p style=\"text-align: right;\"><em><strong>Reda\u00e7\u00e3o Cariri em A\u00e7\u00e3o<\/strong><\/em><\/p>\n","protected":false},"excerpt":{"rendered":"<p>O Procon Estadual &#8211; n\u00facleo Sum\u00e9 convocou uma reuni\u00e3o com as institui\u00e7\u00f5es de ensino privado do munic\u00edpio, objetivando a assinatura de um termo de ajustamento&hellip; <\/p>\n","protected":false},"author":1,"featured_media":14147,"comment_status":"closed","ping_status":"closed","sticky":false,"template":"","format":"standard","meta":{"sfsi_plus_gutenberg_text_before_share":"","sfsi_plus_gutenberg_show_text_before_share":"","sfsi_plus_gutenberg_icon_type":"","sfsi_plus_gutenberg_icon_alignemt":"","sfsi_plus_gutenburg_max_per_row":"","footnotes":""},"categories":[6],"tags":[],"class_list":["post-71252","post","type-post","status-publish","format-standard","has-post-thumbnail","hentry","category-cidades"],"_links":{"self":[{"href":"https:\/\/www.caririemacao.com\/1\/wp-json\/wp\/v2\/posts\/71252","targetHints":{"allow":["GET"]}}],"collection":[{"href":"https:\/\/www.caririemacao.com\/1\/wp-json\/wp\/v2\/posts"}],"about":[{"href":"https:\/\/www.caririemacao.com\/1\/wp-json\/wp\/v2\/types\/post"}],"author":[{"embeddable":true,"href":"https:\/\/www.caririemacao.com\/1\/wp-json\/wp\/v2\/users\/1"}],"replies":[{"embeddable":true,"href":"https:\/\/www.caririemacao.com\/1\/wp-json\/wp\/v2\/comments?post=71252"}],"version-history":[{"count":3,"href":"https:\/\/www.caririemacao.com\/1\/wp-json\/wp\/v2\/posts\/71252\/revisions"}],"predecessor-version":[{"id":71257,"href":"https:\/\/www.caririemacao.com\/1\/wp-json\/wp\/v2\/posts\/71252\/revisions\/71257"}],"wp:featuredmedia":[{"embeddable":true,"href":"https:\/\/www.caririemacao.com\/1\/wp-json\/wp\/v2\/media\/14147"}],"wp:attachment":[{"href":"https:\/\/www.caririemacao.com\/1\/wp-json\/wp\/v2\/media?parent=71252"}],"wp:term":[{"taxonomy":"category","embeddable":true,"href":"https:\/\/www.caririemacao.com\/1\/wp-json\/wp\/v2\/categories?post=71252"},{"taxonomy":"post_tag","embeddable":true,"href":"https:\/\/www.caririemacao.com\/1\/wp-json\/wp\/v2\/tags?post=71252"}],"curies":[{"name":"wp","href":"https:\/\/api.w.org\/{rel}","templated":true}]}}