{"id":71254,"date":"2018-11-07T00:08:41","date_gmt":"2018-11-07T03:08:41","guid":{"rendered":"http:\/\/www.caririemacao.com\/1\/?p=71254"},"modified":"2018-11-07T00:08:41","modified_gmt":"2018-11-07T03:08:41","slug":"luto-jaqueline-santa-cruz-morre-em-monteiro","status":"publish","type":"post","link":"https:\/\/www.caririemacao.com\/1\/2018\/11\/07\/luto-jaqueline-santa-cruz-morre-em-monteiro\/","title":{"rendered":"LUTO: Jaqueline Santa Cruz morre em Monteiro"},"content":{"rendered":"<p>Faleceu na noite desta ter\u00e7a-feira, na cidade de Monteiro, a professora Jaqueline Santa Cruz. Ela j\u00e1 foi professora na Escola Jos\u00e9 Leite e ensinou nos \u00faltimos meses na Escola Jo\u00e3o de Oliveira.<\/p>\n<p>Jaqueline Santa Cruz sofria de c\u00e2ncer e faleceu em sua residencia. Ela era casada com Ulisses, m\u00fasico e artista de bandas e\u00a0filha do seu Jo\u00e3o Martins, ex-vice prefeito de Tuparetama.<\/p>\n<p>O vel\u00f3rio ser\u00e1 na Capela do Cemit\u00e9rio e o sepultamento est\u00e1 previsto para ocorrer \u00e0s 16h desta quarta-feira, dia 07, na cidade de Monteiro.<\/p>\n","protected":false},"excerpt":{"rendered":"<p>Faleceu na noite desta ter\u00e7a-feira, na cidade de Monteiro, a professora Jaqueline Santa Cruz. Ela j\u00e1 foi professora na Escola Jos\u00e9 Leite e ensinou nos&hellip; <\/p>\n","protected":false},"author":2,"featured_media":71258,"comment_status":"closed","ping_status":"closed","sticky":false,"template":"","format":"standard","meta":{"sfsi_plus_gutenberg_text_before_share":"","sfsi_plus_gutenberg_show_text_before_share":"","sfsi_plus_gutenberg_icon_type":"","sfsi_plus_gutenberg_icon_alignemt":"","sfsi_plus_gutenburg_max_per_row":"","footnotes":""},"categories":[2],"tags":[],"class_list":["post-71254","post","type-post","status-publish","format-standard","has-post-thumbnail","hentry","category-geral"],"_links":{"self":[{"href":"https:\/\/www.caririemacao.com\/1\/wp-json\/wp\/v2\/posts\/71254","targetHints":{"allow":["GET"]}}],"collection":[{"href":"https:\/\/www.caririemacao.com\/1\/wp-json\/wp\/v2\/posts"}],"about":[{"href":"https:\/\/www.caririemacao.com\/1\/wp-json\/wp\/v2\/types\/post"}],"author":[{"embeddable":true,"href":"https:\/\/www.caririemacao.com\/1\/wp-json\/wp\/v2\/users\/2"}],"replies":[{"embeddable":true,"href":"https:\/\/www.caririemacao.com\/1\/wp-json\/wp\/v2\/comments?post=71254"}],"version-history":[{"count":1,"href":"https:\/\/www.caririemacao.com\/1\/wp-json\/wp\/v2\/posts\/71254\/revisions"}],"predecessor-version":[{"id":71259,"href":"https:\/\/www.caririemacao.com\/1\/wp-json\/wp\/v2\/posts\/71254\/revisions\/71259"}],"wp:featuredmedia":[{"embeddable":true,"href":"https:\/\/www.caririemacao.com\/1\/wp-json\/wp\/v2\/media\/71258"}],"wp:attachment":[{"href":"https:\/\/www.caririemacao.com\/1\/wp-json\/wp\/v2\/media?parent=71254"}],"wp:term":[{"taxonomy":"category","embeddable":true,"href":"https:\/\/www.caririemacao.com\/1\/wp-json\/wp\/v2\/categories?post=71254"},{"taxonomy":"post_tag","embeddable":true,"href":"https:\/\/www.caririemacao.com\/1\/wp-json\/wp\/v2\/tags?post=71254"}],"curies":[{"name":"wp","href":"https:\/\/api.w.org\/{rel}","templated":true}]}}