{"id":71260,"date":"2018-11-07T00:46:14","date_gmt":"2018-11-07T03:46:14","guid":{"rendered":"http:\/\/www.caririemacao.com\/1\/?p=71260"},"modified":"2018-11-07T00:46:14","modified_gmt":"2018-11-07T03:46:14","slug":"equipe-de-futebol-sub-20-de-camalau-se-prepara-para-a-copa-cariri-da-modalidade","status":"publish","type":"post","link":"https:\/\/www.caririemacao.com\/1\/2018\/11\/07\/equipe-de-futebol-sub-20-de-camalau-se-prepara-para-a-copa-cariri-da-modalidade\/","title":{"rendered":"Equipe de futebol sub 20 de Camala\u00fa se prepara para a Copa Cariri da modalidade"},"content":{"rendered":"<p>A equipe camalauense sub 20, vem se preparando de forma intensa para a disputa da Copa Cariri Sub 20.<\/p>\n<p>Nas duas \u00faltimas edi\u00e7\u00f5es, a equipe ficou em segundo lugar, e vai na busca do t\u00edtulo in\u00e9dito.<\/p>\n<p>S\u00e3o tr\u00eas treinos semanais, onde os jovens camalauenses vem demonstrando grande potencial para a disputa da competi\u00e7\u00e3o este ano.<\/p>\n<p style=\"text-align: right;\"><em><strong>CN\/Foto: reprodu\u00e7\u00e3o\u00a0<\/strong><\/em><\/p>\n","protected":false},"excerpt":{"rendered":"<p>A equipe camalauense sub 20, vem se preparando de forma intensa para a disputa da Copa Cariri Sub 20. Nas duas \u00faltimas edi\u00e7\u00f5es, a equipe&hellip; <\/p>\n","protected":false},"author":1,"featured_media":71263,"comment_status":"closed","ping_status":"closed","sticky":false,"template":"","format":"standard","meta":{"sfsi_plus_gutenberg_text_before_share":"","sfsi_plus_gutenberg_show_text_before_share":"","sfsi_plus_gutenberg_icon_type":"","sfsi_plus_gutenberg_icon_alignemt":"","sfsi_plus_gutenburg_max_per_row":"","footnotes":""},"categories":[13],"tags":[],"class_list":["post-71260","post","type-post","status-publish","format-standard","has-post-thumbnail","hentry","category-esportes"],"_links":{"self":[{"href":"https:\/\/www.caririemacao.com\/1\/wp-json\/wp\/v2\/posts\/71260","targetHints":{"allow":["GET"]}}],"collection":[{"href":"https:\/\/www.caririemacao.com\/1\/wp-json\/wp\/v2\/posts"}],"about":[{"href":"https:\/\/www.caririemacao.com\/1\/wp-json\/wp\/v2\/types\/post"}],"author":[{"embeddable":true,"href":"https:\/\/www.caririemacao.com\/1\/wp-json\/wp\/v2\/users\/1"}],"replies":[{"embeddable":true,"href":"https:\/\/www.caririemacao.com\/1\/wp-json\/wp\/v2\/comments?post=71260"}],"version-history":[{"count":1,"href":"https:\/\/www.caririemacao.com\/1\/wp-json\/wp\/v2\/posts\/71260\/revisions"}],"predecessor-version":[{"id":71264,"href":"https:\/\/www.caririemacao.com\/1\/wp-json\/wp\/v2\/posts\/71260\/revisions\/71264"}],"wp:featuredmedia":[{"embeddable":true,"href":"https:\/\/www.caririemacao.com\/1\/wp-json\/wp\/v2\/media\/71263"}],"wp:attachment":[{"href":"https:\/\/www.caririemacao.com\/1\/wp-json\/wp\/v2\/media?parent=71260"}],"wp:term":[{"taxonomy":"category","embeddable":true,"href":"https:\/\/www.caririemacao.com\/1\/wp-json\/wp\/v2\/categories?post=71260"},{"taxonomy":"post_tag","embeddable":true,"href":"https:\/\/www.caririemacao.com\/1\/wp-json\/wp\/v2\/tags?post=71260"}],"curies":[{"name":"wp","href":"https:\/\/api.w.org\/{rel}","templated":true}]}}