{"id":71265,"date":"2018-11-07T00:52:03","date_gmt":"2018-11-07T03:52:03","guid":{"rendered":"http:\/\/www.caririemacao.com\/1\/?p=71265"},"modified":"2018-11-07T00:52:03","modified_gmt":"2018-11-07T03:52:03","slug":"4o-pedal-das-criancas-foi-um-sucesso-2","status":"publish","type":"post","link":"https:\/\/www.caririemacao.com\/1\/2018\/11\/07\/4o-pedal-das-criancas-foi-um-sucesso-2\/","title":{"rendered":"4\u00ba Pedal das Crian\u00e7as foi um sucesso"},"content":{"rendered":"<p>Foi realizado neste s\u00e1bado dia 03 de novembro, o 4\u00b0 Pedal das Crian\u00e7as, um evento realizado pela Equipe Camala\u00fa Mountain Bike com o apoio do Governo Municipal de Camala\u00fa.<\/p>\n<p>O evento foi iniciado por volta das 16:30, em frente a igreja cat\u00f3lica e percorreu praticamente todas as ruas de nossa cidade; no final houve um lanche para a crian\u00e7ada e distribui\u00e7\u00e3o de brindes<\/p>\n<p>Quem esteve participando juntamente com seu filho Caio e representando o prefeito Sandro M\u00f4co e o Governo Municipal de Camala\u00fa foi o vice prefeito Kiel.<\/p>\n<p>\u201cQuero destacar a import\u00e2ncia do evento para o incentivo da pr\u00e1tica esportiva infantil\/juvenil para os nossos mun\u00edcipes, al\u00e9m de um momento de lazer e de muita descontra\u00e7\u00e3o. Ao mesmo tempo, parabenizar todos os envolvidos no evento, oferecendo o nosso apoio e a nossa gratid\u00e3o\u201d (KIEL).<\/p>\n<p style=\"text-align: right;\"><em><strong>DSC\/Foto: Reprodu\u00e7\u00e3o\u00a0<\/strong><\/em><\/p>\n","protected":false},"excerpt":{"rendered":"<p>Foi realizado neste s\u00e1bado dia 03 de novembro, o 4\u00b0 Pedal das Crian\u00e7as, um evento realizado pela Equipe Camala\u00fa Mountain Bike com o apoio do&hellip; <\/p>\n","protected":false},"author":1,"featured_media":71266,"comment_status":"closed","ping_status":"closed","sticky":false,"template":"","format":"standard","meta":{"sfsi_plus_gutenberg_text_before_share":"","sfsi_plus_gutenberg_show_text_before_share":"","sfsi_plus_gutenberg_icon_type":"","sfsi_plus_gutenberg_icon_alignemt":"","sfsi_plus_gutenburg_max_per_row":"","footnotes":""},"categories":[13],"tags":[],"class_list":["post-71265","post","type-post","status-publish","format-standard","has-post-thumbnail","hentry","category-esportes"],"_links":{"self":[{"href":"https:\/\/www.caririemacao.com\/1\/wp-json\/wp\/v2\/posts\/71265","targetHints":{"allow":["GET"]}}],"collection":[{"href":"https:\/\/www.caririemacao.com\/1\/wp-json\/wp\/v2\/posts"}],"about":[{"href":"https:\/\/www.caririemacao.com\/1\/wp-json\/wp\/v2\/types\/post"}],"author":[{"embeddable":true,"href":"https:\/\/www.caririemacao.com\/1\/wp-json\/wp\/v2\/users\/1"}],"replies":[{"embeddable":true,"href":"https:\/\/www.caririemacao.com\/1\/wp-json\/wp\/v2\/comments?post=71265"}],"version-history":[{"count":1,"href":"https:\/\/www.caririemacao.com\/1\/wp-json\/wp\/v2\/posts\/71265\/revisions"}],"predecessor-version":[{"id":71267,"href":"https:\/\/www.caririemacao.com\/1\/wp-json\/wp\/v2\/posts\/71265\/revisions\/71267"}],"wp:featuredmedia":[{"embeddable":true,"href":"https:\/\/www.caririemacao.com\/1\/wp-json\/wp\/v2\/media\/71266"}],"wp:attachment":[{"href":"https:\/\/www.caririemacao.com\/1\/wp-json\/wp\/v2\/media?parent=71265"}],"wp:term":[{"taxonomy":"category","embeddable":true,"href":"https:\/\/www.caririemacao.com\/1\/wp-json\/wp\/v2\/categories?post=71265"},{"taxonomy":"post_tag","embeddable":true,"href":"https:\/\/www.caririemacao.com\/1\/wp-json\/wp\/v2\/tags?post=71265"}],"curies":[{"name":"wp","href":"https:\/\/api.w.org\/{rel}","templated":true}]}}