{"id":71271,"date":"2018-11-07T06:54:36","date_gmt":"2018-11-07T09:54:36","guid":{"rendered":"http:\/\/www.caririemacao.com\/1\/?p=71271"},"modified":"2018-11-07T07:00:14","modified_gmt":"2018-11-07T10:00:14","slug":"exclusivo-policia-prende-bandidos-que-iriam-assaltar-a-agencia-dos-correios-de-sume-nesta-quarta-feira-7","status":"publish","type":"post","link":"https:\/\/www.caririemacao.com\/1\/2018\/11\/07\/exclusivo-policia-prende-bandidos-que-iriam-assaltar-a-agencia-dos-correios-de-sume-nesta-quarta-feira-7\/","title":{"rendered":"EXCLUSIVO: Pol\u00edcia prende bandidos que iriam assaltar a ag\u00eancia dos Correios de Sum\u00e9 nesta quarta-feira (7)"},"content":{"rendered":"<p>Foram presos na noite desta ter\u00e7a-feira, dia 06, na capital Jo\u00e3o Pessoa, alguns homens suspeitos de estarem programando assalto \u00e0 agencia dos Correios na cidade de Sum\u00e9, no Cariri Paraibano.<\/p>\n<p>Conforme foi noticiado no Programa Bom Dia Para\u00edba da TV Cabo Branco, desta quarta-feira (7), o assalto seria realizado nesta quarta-feira, dia 07, e que alguns dos integrantes j\u00e1 estariam em Sum\u00e9 passando informa\u00e7\u00f5es para a quadrilha.<\/p>\n<p>Segundo a Pol\u00edcia Militar, foram presos seis homens e eles confessaram que iriam assaltar a ag\u00eancia dos Correios de Sum\u00e9. Eles estavam em um carro Onix Branco e uma moto, ambos com placas clonadas.<\/p>\n<p>Mais informa\u00e7\u00f5es a qualquer momento.<\/p>\n","protected":false},"excerpt":{"rendered":"<p>Foram presos na noite desta ter\u00e7a-feira, dia 06, na capital Jo\u00e3o Pessoa, alguns homens suspeitos de estarem programando assalto \u00e0 agencia dos Correios na cidade&hellip; <\/p>\n","protected":false},"author":2,"featured_media":42680,"comment_status":"closed","ping_status":"closed","sticky":false,"template":"","format":"standard","meta":{"sfsi_plus_gutenberg_text_before_share":"","sfsi_plus_gutenberg_show_text_before_share":"","sfsi_plus_gutenberg_icon_type":"","sfsi_plus_gutenberg_icon_alignemt":"","sfsi_plus_gutenburg_max_per_row":"","footnotes":""},"categories":[12],"tags":[],"class_list":["post-71271","post","type-post","status-publish","format-standard","has-post-thumbnail","hentry","category-policia"],"_links":{"self":[{"href":"https:\/\/www.caririemacao.com\/1\/wp-json\/wp\/v2\/posts\/71271","targetHints":{"allow":["GET"]}}],"collection":[{"href":"https:\/\/www.caririemacao.com\/1\/wp-json\/wp\/v2\/posts"}],"about":[{"href":"https:\/\/www.caririemacao.com\/1\/wp-json\/wp\/v2\/types\/post"}],"author":[{"embeddable":true,"href":"https:\/\/www.caririemacao.com\/1\/wp-json\/wp\/v2\/users\/2"}],"replies":[{"embeddable":true,"href":"https:\/\/www.caririemacao.com\/1\/wp-json\/wp\/v2\/comments?post=71271"}],"version-history":[{"count":4,"href":"https:\/\/www.caririemacao.com\/1\/wp-json\/wp\/v2\/posts\/71271\/revisions"}],"predecessor-version":[{"id":71275,"href":"https:\/\/www.caririemacao.com\/1\/wp-json\/wp\/v2\/posts\/71271\/revisions\/71275"}],"wp:featuredmedia":[{"embeddable":true,"href":"https:\/\/www.caririemacao.com\/1\/wp-json\/wp\/v2\/media\/42680"}],"wp:attachment":[{"href":"https:\/\/www.caririemacao.com\/1\/wp-json\/wp\/v2\/media?parent=71271"}],"wp:term":[{"taxonomy":"category","embeddable":true,"href":"https:\/\/www.caririemacao.com\/1\/wp-json\/wp\/v2\/categories?post=71271"},{"taxonomy":"post_tag","embeddable":true,"href":"https:\/\/www.caririemacao.com\/1\/wp-json\/wp\/v2\/tags?post=71271"}],"curies":[{"name":"wp","href":"https:\/\/api.w.org\/{rel}","templated":true}]}}