{"id":71277,"date":"2018-11-07T07:35:38","date_gmt":"2018-11-07T10:35:38","guid":{"rendered":"http:\/\/www.caririemacao.com\/1\/?p=71277"},"modified":"2018-11-07T07:35:38","modified_gmt":"2018-11-07T10:35:38","slug":"previsao-do-tempo-para-esta-quarta-feira-em-toda-paraiba-11","status":"publish","type":"post","link":"https:\/\/www.caririemacao.com\/1\/2018\/11\/07\/previsao-do-tempo-para-esta-quarta-feira-em-toda-paraiba-11\/","title":{"rendered":"Previs\u00e3o do tempo para esta quarta-feira em toda Para\u00edba"},"content":{"rendered":"<p>O tempo dever\u00e1 permanecer com sol e varia\u00e7\u00e3o de nuvens, favorecendo ao registro de altas temperaturas e baixos \u00edndices de umidade relativa do ar principalmente no per\u00edodo da tarde.<\/p>\n<p><img decoding=\"async\" class=\"aligncenter size-full wp-image-524287 lazyloaded\" src=\"https:\/\/paraibaonline.com.br\/wp-content\/uploads\/2018\/11\/tempo0711.jpg\" sizes=\"(max-width: 800px) 100vw, 800px\" srcset=\"https:\/\/paraibaonline.com.br\/wp-content\/uploads\/2018\/11\/tempo0711.jpg 800w, https:\/\/paraibaonline.com.br\/wp-content\/uploads\/2018\/11\/tempo0711-567x361.jpg 567w\" alt=\"\" data-lazy-src=\"https:\/\/paraibaonline.com.br\/wp-content\/uploads\/2018\/11\/tempo0711.jpg\" data-lazy-srcset=\"https:\/\/paraibaonline.com.br\/wp-content\/uploads\/2018\/11\/tempo0711.jpg 800w, https:\/\/paraibaonline.com.br\/wp-content\/uploads\/2018\/11\/tempo0711-567x361.jpg 567w\" data-lazy-sizes=\"(max-width: 800px) 100vw, 800px\" data-was-processed=\"true\" \/><\/p>\n<p>Aesa\/PB<\/p>\n","protected":false},"excerpt":{"rendered":"<p>O tempo dever\u00e1 permanecer com sol e varia\u00e7\u00e3o de nuvens, favorecendo ao registro de altas temperaturas e baixos \u00edndices de umidade relativa do ar principalmente&hellip; <\/p>\n","protected":false},"author":1,"featured_media":6257,"comment_status":"closed","ping_status":"closed","sticky":false,"template":"","format":"standard","meta":{"sfsi_plus_gutenberg_text_before_share":"","sfsi_plus_gutenberg_show_text_before_share":"","sfsi_plus_gutenberg_icon_type":"","sfsi_plus_gutenberg_icon_alignemt":"","sfsi_plus_gutenburg_max_per_row":"","footnotes":""},"categories":[6],"tags":[],"class_list":["post-71277","post","type-post","status-publish","format-standard","has-post-thumbnail","hentry","category-cidades"],"_links":{"self":[{"href":"https:\/\/www.caririemacao.com\/1\/wp-json\/wp\/v2\/posts\/71277","targetHints":{"allow":["GET"]}}],"collection":[{"href":"https:\/\/www.caririemacao.com\/1\/wp-json\/wp\/v2\/posts"}],"about":[{"href":"https:\/\/www.caririemacao.com\/1\/wp-json\/wp\/v2\/types\/post"}],"author":[{"embeddable":true,"href":"https:\/\/www.caririemacao.com\/1\/wp-json\/wp\/v2\/users\/1"}],"replies":[{"embeddable":true,"href":"https:\/\/www.caririemacao.com\/1\/wp-json\/wp\/v2\/comments?post=71277"}],"version-history":[{"count":1,"href":"https:\/\/www.caririemacao.com\/1\/wp-json\/wp\/v2\/posts\/71277\/revisions"}],"predecessor-version":[{"id":71278,"href":"https:\/\/www.caririemacao.com\/1\/wp-json\/wp\/v2\/posts\/71277\/revisions\/71278"}],"wp:featuredmedia":[{"embeddable":true,"href":"https:\/\/www.caririemacao.com\/1\/wp-json\/wp\/v2\/media\/6257"}],"wp:attachment":[{"href":"https:\/\/www.caririemacao.com\/1\/wp-json\/wp\/v2\/media?parent=71277"}],"wp:term":[{"taxonomy":"category","embeddable":true,"href":"https:\/\/www.caririemacao.com\/1\/wp-json\/wp\/v2\/categories?post=71277"},{"taxonomy":"post_tag","embeddable":true,"href":"https:\/\/www.caririemacao.com\/1\/wp-json\/wp\/v2\/tags?post=71277"}],"curies":[{"name":"wp","href":"https:\/\/api.w.org\/{rel}","templated":true}]}}