{"id":71285,"date":"2018-11-07T10:09:05","date_gmt":"2018-11-07T13:09:05","guid":{"rendered":"http:\/\/www.caririemacao.com\/1\/?p=71285"},"modified":"2018-11-07T10:09:05","modified_gmt":"2018-11-07T13:09:05","slug":"camara-de-sume-realiza-reuniao-e-aprova-projetos-para-a-populacao","status":"publish","type":"post","link":"https:\/\/www.caririemacao.com\/1\/2018\/11\/07\/camara-de-sume-realiza-reuniao-e-aprova-projetos-para-a-populacao\/","title":{"rendered":"C\u00e2mara de Sum\u00e9 realiza reuni\u00e3o e aprova projetos para a popula\u00e7\u00e3o"},"content":{"rendered":"<p>A C\u00e2mara Municipal de Sum\u00e9 esteve reunida na noite desta ter\u00e7a-feira, dia 06, sob a presid\u00eancia do vereador Z\u00e9 Ant\u00f4nio e a presen\u00e7a de todos os vereadores. Na reuni\u00e3o, foram aprovados cinco proposituras, sendo tr\u00eas do vereador Ant\u00f4nio Carlos e uma do vereador Daniel L\u00eala, e a \u00faltima do Poder Executivo.<\/p>\n<p><img fetchpriority=\"high\" decoding=\"async\" class=\"alignnone wp-image-71294 size-full\" src=\"http:\/\/www.caririemacao.com\/1\/wp-content\/uploads\/2018\/11\/DSC_0694.jpg\" alt=\"\" width=\"1000\" height=\"667\" srcset=\"https:\/\/www.caririemacao.com\/1\/wp-content\/uploads\/2018\/11\/DSC_0694.jpg 1000w, https:\/\/www.caririemacao.com\/1\/wp-content\/uploads\/2018\/11\/DSC_0694-300x200.jpg 300w, https:\/\/www.caririemacao.com\/1\/wp-content\/uploads\/2018\/11\/DSC_0694-768x512.jpg 768w\" sizes=\"(max-width: 1000px) 100vw, 1000px\" \/><\/p>\n<p>O vereador Ant\u00f4nio Carlos conseguiu aprovar o projeto que dar nome de Rua Jos\u00e9 Amaro da Silva (Z\u00e9 Zebra) a antiga VL 07, localizado no loteamento Morada Nobre I, Bairro Mandacaru. \u201cSeu Z\u00e9 Zebra faleceu no dia 02 de fevereiro de 2018 com precisamente 90 anos, deixando uma hist\u00f3ria de conquistas, amor, gratid\u00e3o e de dever cumprido, n\u00e3o esquecendo tamb\u00e9m a saudade que teima em apertar os nossos cora\u00e7\u00f5es,\u201d justificou.<\/p>\n<p>Al\u00e9m do projeto de Lei, Ant\u00f4nio Carlos apresentou dois requerimentos, o primeiro, um Voto de Pesar pelo falecimento de Carmen Leda Queiroz, e o segundo solicitando a constru\u00e7\u00e3o de uma Academia de Sa\u00fade no bairro do Mandacar\u00fa.<\/p>\n<p><img decoding=\"async\" class=\"alignnone wp-image-71289 size-full lazyload\" data-src=\"http:\/\/www.caririemacao.com\/1\/wp-content\/uploads\/2018\/11\/DSC_0688.jpg\" alt=\"\" width=\"1000\" height=\"667\" data-srcset=\"https:\/\/www.caririemacao.com\/1\/wp-content\/uploads\/2018\/11\/DSC_0688.jpg 1000w, https:\/\/www.caririemacao.com\/1\/wp-content\/uploads\/2018\/11\/DSC_0688-300x200.jpg 300w, https:\/\/www.caririemacao.com\/1\/wp-content\/uploads\/2018\/11\/DSC_0688-768x512.jpg 768w\" data-sizes=\"(max-width: 1000px) 100vw, 1000px\" src=\"data:image\/svg+xml;base64,PHN2ZyB3aWR0aD0iMSIgaGVpZ2h0PSIxIiB4bWxucz0iaHR0cDovL3d3dy53My5vcmcvMjAwMC9zdmciPjwvc3ZnPg==\" style=\"--smush-placeholder-width: 1000px; --smush-placeholder-aspect-ratio: 1000\/667;\" \/><\/p>\n<p>J\u00e1 o vereador Daniel L\u00eala requereu ao prefeito \u00c9den Duarte a complementa\u00e7\u00e3o de pavimenta\u00e7\u00e3o nas ruas Jo\u00e3o Fogueteiro e Manoel Gomes de Assis, localizado no bairro Alto Alegre.<\/p>\n<p><img decoding=\"async\" class=\"alignnone wp-image-71287 size-full lazyload\" data-src=\"http:\/\/www.caririemacao.com\/1\/wp-content\/uploads\/2018\/11\/DSC_0686.jpg\" alt=\"\" width=\"1000\" height=\"667\" data-srcset=\"https:\/\/www.caririemacao.com\/1\/wp-content\/uploads\/2018\/11\/DSC_0686.jpg 1000w, https:\/\/www.caririemacao.com\/1\/wp-content\/uploads\/2018\/11\/DSC_0686-300x200.jpg 300w, https:\/\/www.caririemacao.com\/1\/wp-content\/uploads\/2018\/11\/DSC_0686-768x512.jpg 768w\" data-sizes=\"(max-width: 1000px) 100vw, 1000px\" src=\"data:image\/svg+xml;base64,PHN2ZyB3aWR0aD0iMSIgaGVpZ2h0PSIxIiB4bWxucz0iaHR0cDovL3d3dy53My5vcmcvMjAwMC9zdmciPjwvc3ZnPg==\" style=\"--smush-placeholder-width: 1000px; --smush-placeholder-aspect-ratio: 1000\/667;\" \/><\/p>\n<p>Ainda na reuni\u00e3o, o vereador\u00a0Nilson Brito\u00a0destacou a import\u00e2ncia de buscar reativar o per\u00edmetro irrigado e informou que j\u00e1 est\u00e1 dialogando com a senadora eleita Daniela Ribeira, visando mobilizar apoio para o projeto.<\/p>\n<p>O vereador Jeffeson Menezes demonstrou sua preocupa\u00e7\u00e3o com o atual local da feira de gado de Sum\u00e9 \u201cN\u00f3s temos a maior feira de caprinos do Estado da Para\u00edba, mas n\u00e3o temos a infraestrutura adequada,\u201d disse o vereador.<\/p>\n<p><img decoding=\"async\" class=\"alignnone wp-image-71293 size-full lazyload\" data-src=\"http:\/\/www.caririemacao.com\/1\/wp-content\/uploads\/2018\/11\/DSC_0693.jpg\" alt=\"\" width=\"1000\" height=\"667\" data-srcset=\"https:\/\/www.caririemacao.com\/1\/wp-content\/uploads\/2018\/11\/DSC_0693.jpg 1000w, https:\/\/www.caririemacao.com\/1\/wp-content\/uploads\/2018\/11\/DSC_0693-300x200.jpg 300w, https:\/\/www.caririemacao.com\/1\/wp-content\/uploads\/2018\/11\/DSC_0693-768x512.jpg 768w\" data-sizes=\"(max-width: 1000px) 100vw, 1000px\" src=\"data:image\/svg+xml;base64,PHN2ZyB3aWR0aD0iMSIgaGVpZ2h0PSIxIiB4bWxucz0iaHR0cDovL3d3dy53My5vcmcvMjAwMC9zdmciPjwvc3ZnPg==\" style=\"--smush-placeholder-width: 1000px; --smush-placeholder-aspect-ratio: 1000\/667;\" \/><\/p>\n<p>Segundo Jeffeson a Prefeitura de Sum\u00e9 chegou a planejar a transfer\u00eancia do atual local que fica localizado no Bairro do Mandacaru para o Parque de Exposi\u00e7\u00f5es Jo\u00e3o Albino Pedrosa. O Governo do Estado, atrav\u00e9s da Companhia de Desenvolvimento da Para\u00edba (CINEP) realizou a doa\u00e7\u00e3o do Parque de Exposi\u00e7\u00f5es, para que a Prefeitura de Sum\u00e9 o reativasse com a feira de gado.<\/p>\n<p>A partir deste momento, a Universidade Federal de Campina Grande, veio a p\u00fablico contestar que o terreno estava dentro da sua \u00e1rea, alegando que o mesmo havia sido doado pelo munic\u00edpio para a constru\u00e7\u00e3o do Campus, atrav\u00e9s da Lei n\u00ba 911 de 2005, o debate foi parar na justi\u00e7a, e ambas as partes aguardam uma decis\u00e3o.<\/p>\n<p>O vereador Jeffeson Menezes falou ainda sobre a necessidade do munic\u00edpio conseguir recursos para o projeto executivo para a reativa\u00e7\u00e3o do per\u00edmetro irrigado.<\/p>\n<p>Durante a reuni\u00e3o foi aprovado o Projeto de Lei 483\/2018, que reestrutura o \u00f3rg\u00e3o gestor do regime pr\u00f3prio de previd\u00eancia social do munic\u00edpio.<\/p>\n<p>J\u00e1 o PL 482\/2018, que regula os benef\u00edcios eventuais da pol\u00edtica de assist\u00eancia social do munic\u00edpio de Sum\u00e9, continuar\u00e1 sendo discutido nas comiss\u00f5es.<\/p>\n<p><img decoding=\"async\" class=\"alignnone wp-image-71292 size-full lazyload\" data-src=\"http:\/\/www.caririemacao.com\/1\/wp-content\/uploads\/2018\/11\/DSC_0692.jpg\" alt=\"\" width=\"1000\" height=\"667\" data-srcset=\"https:\/\/www.caririemacao.com\/1\/wp-content\/uploads\/2018\/11\/DSC_0692.jpg 1000w, https:\/\/www.caririemacao.com\/1\/wp-content\/uploads\/2018\/11\/DSC_0692-300x200.jpg 300w, https:\/\/www.caririemacao.com\/1\/wp-content\/uploads\/2018\/11\/DSC_0692-768x512.jpg 768w\" data-sizes=\"(max-width: 1000px) 100vw, 1000px\" src=\"data:image\/svg+xml;base64,PHN2ZyB3aWR0aD0iMSIgaGVpZ2h0PSIxIiB4bWxucz0iaHR0cDovL3d3dy53My5vcmcvMjAwMC9zdmciPjwvc3ZnPg==\" style=\"--smush-placeholder-width: 1000px; --smush-placeholder-aspect-ratio: 1000\/667;\" \/><\/p>\n<p>De acordo com o presidente Z\u00e9 Ant\u00f4nio, as comiss\u00f5es ir\u00e3o se reunir j\u00e1 a partir desta quarta-feira (07\/11), com a parte jur\u00eddica da Prefeitura de Sum\u00e9, para discutir o Projeto 482\/2018, que trata sobre eventuais da pol\u00edtica de assist\u00eancia social do munic\u00edpio.<\/p>\n<p><img decoding=\"async\" class=\"alignnone size-medium wp-image-71286 lazyload\" data-src=\"http:\/\/www.caririemacao.com\/1\/wp-content\/uploads\/2018\/11\/DSC_0685-300x200.jpg\" alt=\"\" width=\"300\" height=\"200\" data-srcset=\"https:\/\/www.caririemacao.com\/1\/wp-content\/uploads\/2018\/11\/DSC_0685-300x200.jpg 300w, https:\/\/www.caririemacao.com\/1\/wp-content\/uploads\/2018\/11\/DSC_0685-768x512.jpg 768w, https:\/\/www.caririemacao.com\/1\/wp-content\/uploads\/2018\/11\/DSC_0685.jpg 1000w\" data-sizes=\"(max-width: 300px) 100vw, 300px\" src=\"data:image\/svg+xml;base64,PHN2ZyB3aWR0aD0iMSIgaGVpZ2h0PSIxIiB4bWxucz0iaHR0cDovL3d3dy53My5vcmcvMjAwMC9zdmciPjwvc3ZnPg==\" style=\"--smush-placeholder-width: 300px; --smush-placeholder-aspect-ratio: 300\/200;\" \/> \u00a0\u00a0\u00a0<img decoding=\"async\" class=\"alignnone size-medium wp-image-71290 lazyload\" data-src=\"http:\/\/www.caririemacao.com\/1\/wp-content\/uploads\/2018\/11\/DSC_0689-300x200.jpg\" alt=\"\" width=\"300\" height=\"200\" data-srcset=\"https:\/\/www.caririemacao.com\/1\/wp-content\/uploads\/2018\/11\/DSC_0689-300x200.jpg 300w, https:\/\/www.caririemacao.com\/1\/wp-content\/uploads\/2018\/11\/DSC_0689-768x512.jpg 768w, https:\/\/www.caririemacao.com\/1\/wp-content\/uploads\/2018\/11\/DSC_0689.jpg 1000w\" data-sizes=\"(max-width: 300px) 100vw, 300px\" src=\"data:image\/svg+xml;base64,PHN2ZyB3aWR0aD0iMSIgaGVpZ2h0PSIxIiB4bWxucz0iaHR0cDovL3d3dy53My5vcmcvMjAwMC9zdmciPjwvc3ZnPg==\" style=\"--smush-placeholder-width: 300px; --smush-placeholder-aspect-ratio: 300\/200;\" \/> <img decoding=\"async\" class=\"alignnone size-medium wp-image-71291 lazyload\" data-src=\"http:\/\/www.caririemacao.com\/1\/wp-content\/uploads\/2018\/11\/DSC_0691-300x200.jpg\" alt=\"\" width=\"300\" height=\"200\" data-srcset=\"https:\/\/www.caririemacao.com\/1\/wp-content\/uploads\/2018\/11\/DSC_0691-300x200.jpg 300w, https:\/\/www.caririemacao.com\/1\/wp-content\/uploads\/2018\/11\/DSC_0691-768x512.jpg 768w, https:\/\/www.caririemacao.com\/1\/wp-content\/uploads\/2018\/11\/DSC_0691.jpg 1000w\" data-sizes=\"(max-width: 300px) 100vw, 300px\" src=\"data:image\/svg+xml;base64,PHN2ZyB3aWR0aD0iMSIgaGVpZ2h0PSIxIiB4bWxucz0iaHR0cDovL3d3dy53My5vcmcvMjAwMC9zdmciPjwvc3ZnPg==\" style=\"--smush-placeholder-width: 300px; --smush-placeholder-aspect-ratio: 300\/200;\" \/> \u00a0\u00a0\u00a0<img decoding=\"async\" class=\"alignnone size-medium wp-image-71295 lazyload\" data-src=\"http:\/\/www.caririemacao.com\/1\/wp-content\/uploads\/2018\/11\/DSC_0695-300x200.jpg\" alt=\"\" width=\"300\" height=\"200\" data-srcset=\"https:\/\/www.caririemacao.com\/1\/wp-content\/uploads\/2018\/11\/DSC_0695-300x200.jpg 300w, https:\/\/www.caririemacao.com\/1\/wp-content\/uploads\/2018\/11\/DSC_0695-768x512.jpg 768w, https:\/\/www.caririemacao.com\/1\/wp-content\/uploads\/2018\/11\/DSC_0695.jpg 1000w\" data-sizes=\"(max-width: 300px) 100vw, 300px\" src=\"data:image\/svg+xml;base64,PHN2ZyB3aWR0aD0iMSIgaGVpZ2h0PSIxIiB4bWxucz0iaHR0cDovL3d3dy53My5vcmcvMjAwMC9zdmciPjwvc3ZnPg==\" style=\"--smush-placeholder-width: 300px; --smush-placeholder-aspect-ratio: 300\/200;\" \/> <img decoding=\"async\" class=\"alignnone size-medium wp-image-71296 lazyload\" data-src=\"http:\/\/www.caririemacao.com\/1\/wp-content\/uploads\/2018\/11\/DSC_0696-300x200.jpg\" alt=\"\" width=\"300\" height=\"200\" data-srcset=\"https:\/\/www.caririemacao.com\/1\/wp-content\/uploads\/2018\/11\/DSC_0696-300x200.jpg 300w, https:\/\/www.caririemacao.com\/1\/wp-content\/uploads\/2018\/11\/DSC_0696-768x512.jpg 768w, https:\/\/www.caririemacao.com\/1\/wp-content\/uploads\/2018\/11\/DSC_0696.jpg 1000w\" data-sizes=\"(max-width: 300px) 100vw, 300px\" src=\"data:image\/svg+xml;base64,PHN2ZyB3aWR0aD0iMSIgaGVpZ2h0PSIxIiB4bWxucz0iaHR0cDovL3d3dy53My5vcmcvMjAwMC9zdmciPjwvc3ZnPg==\" style=\"--smush-placeholder-width: 300px; --smush-placeholder-aspect-ratio: 300\/200;\" \/> <img decoding=\"async\" class=\"alignnone size-medium wp-image-71297 lazyload\" data-src=\"http:\/\/www.caririemacao.com\/1\/wp-content\/uploads\/2018\/11\/DSC_0697-300x200.jpg\" alt=\"\" width=\"300\" height=\"200\" data-srcset=\"https:\/\/www.caririemacao.com\/1\/wp-content\/uploads\/2018\/11\/DSC_0697-300x200.jpg 300w, https:\/\/www.caririemacao.com\/1\/wp-content\/uploads\/2018\/11\/DSC_0697-768x512.jpg 768w, https:\/\/www.caririemacao.com\/1\/wp-content\/uploads\/2018\/11\/DSC_0697.jpg 1000w\" data-sizes=\"(max-width: 300px) 100vw, 300px\" src=\"data:image\/svg+xml;base64,PHN2ZyB3aWR0aD0iMSIgaGVpZ2h0PSIxIiB4bWxucz0iaHR0cDovL3d3dy53My5vcmcvMjAwMC9zdmciPjwvc3ZnPg==\" style=\"--smush-placeholder-width: 300px; --smush-placeholder-aspect-ratio: 300\/200;\" \/> \u00a0<img decoding=\"async\" class=\"alignnone size-medium wp-image-71299 lazyload\" data-src=\"http:\/\/www.caririemacao.com\/1\/wp-content\/uploads\/2018\/11\/DSC_0699-300x200.jpg\" alt=\"\" width=\"300\" height=\"200\" data-srcset=\"https:\/\/www.caririemacao.com\/1\/wp-content\/uploads\/2018\/11\/DSC_0699-300x200.jpg 300w, https:\/\/www.caririemacao.com\/1\/wp-content\/uploads\/2018\/11\/DSC_0699-768x512.jpg 768w, https:\/\/www.caririemacao.com\/1\/wp-content\/uploads\/2018\/11\/DSC_0699.jpg 1000w\" data-sizes=\"(max-width: 300px) 100vw, 300px\" src=\"data:image\/svg+xml;base64,PHN2ZyB3aWR0aD0iMSIgaGVpZ2h0PSIxIiB4bWxucz0iaHR0cDovL3d3dy53My5vcmcvMjAwMC9zdmciPjwvc3ZnPg==\" style=\"--smush-placeholder-width: 300px; --smush-placeholder-aspect-ratio: 300\/200;\" \/> \u00a0<img decoding=\"async\" class=\"alignnone size-medium wp-image-71301 lazyload\" data-src=\"http:\/\/www.caririemacao.com\/1\/wp-content\/uploads\/2018\/11\/DSC_0701-300x200.jpg\" alt=\"\" width=\"300\" height=\"200\" data-srcset=\"https:\/\/www.caririemacao.com\/1\/wp-content\/uploads\/2018\/11\/DSC_0701-300x200.jpg 300w, https:\/\/www.caririemacao.com\/1\/wp-content\/uploads\/2018\/11\/DSC_0701-768x512.jpg 768w, https:\/\/www.caririemacao.com\/1\/wp-content\/uploads\/2018\/11\/DSC_0701.jpg 1000w\" data-sizes=\"(max-width: 300px) 100vw, 300px\" src=\"data:image\/svg+xml;base64,PHN2ZyB3aWR0aD0iMSIgaGVpZ2h0PSIxIiB4bWxucz0iaHR0cDovL3d3dy53My5vcmcvMjAwMC9zdmciPjwvc3ZnPg==\" style=\"--smush-placeholder-width: 300px; --smush-placeholder-aspect-ratio: 300\/200;\" \/><\/p>\n<p>Reda\u00e7\u00e3o com Ascom<\/p>\n","protected":false},"excerpt":{"rendered":"<p>A C\u00e2mara Municipal de Sum\u00e9 esteve reunida na noite desta ter\u00e7a-feira, dia 06, sob a presid\u00eancia do vereador Z\u00e9 Ant\u00f4nio e a presen\u00e7a de todos&hellip; <\/p>\n","protected":false},"author":2,"featured_media":71301,"comment_status":"closed","ping_status":"closed","sticky":false,"template":"","format":"standard","meta":{"sfsi_plus_gutenberg_text_before_share":"","sfsi_plus_gutenberg_show_text_before_share":"","sfsi_plus_gutenberg_icon_type":"","sfsi_plus_gutenberg_icon_alignemt":"","sfsi_plus_gutenburg_max_per_row":"","footnotes":""},"categories":[2],"tags":[],"class_list":["post-71285","post","type-post","status-publish","format-standard","has-post-thumbnail","hentry","category-geral"],"_links":{"self":[{"href":"https:\/\/www.caririemacao.com\/1\/wp-json\/wp\/v2\/posts\/71285","targetHints":{"allow":["GET"]}}],"collection":[{"href":"https:\/\/www.caririemacao.com\/1\/wp-json\/wp\/v2\/posts"}],"about":[{"href":"https:\/\/www.caririemacao.com\/1\/wp-json\/wp\/v2\/types\/post"}],"author":[{"embeddable":true,"href":"https:\/\/www.caririemacao.com\/1\/wp-json\/wp\/v2\/users\/2"}],"replies":[{"embeddable":true,"href":"https:\/\/www.caririemacao.com\/1\/wp-json\/wp\/v2\/comments?post=71285"}],"version-history":[{"count":1,"href":"https:\/\/www.caririemacao.com\/1\/wp-json\/wp\/v2\/posts\/71285\/revisions"}],"predecessor-version":[{"id":71304,"href":"https:\/\/www.caririemacao.com\/1\/wp-json\/wp\/v2\/posts\/71285\/revisions\/71304"}],"wp:featuredmedia":[{"embeddable":true,"href":"https:\/\/www.caririemacao.com\/1\/wp-json\/wp\/v2\/media\/71301"}],"wp:attachment":[{"href":"https:\/\/www.caririemacao.com\/1\/wp-json\/wp\/v2\/media?parent=71285"}],"wp:term":[{"taxonomy":"category","embeddable":true,"href":"https:\/\/www.caririemacao.com\/1\/wp-json\/wp\/v2\/categories?post=71285"},{"taxonomy":"post_tag","embeddable":true,"href":"https:\/\/www.caririemacao.com\/1\/wp-json\/wp\/v2\/tags?post=71285"}],"curies":[{"name":"wp","href":"https:\/\/api.w.org\/{rel}","templated":true}]}}