{"id":71306,"date":"2018-11-07T11:23:17","date_gmt":"2018-11-07T14:23:17","guid":{"rendered":"http:\/\/www.caririemacao.com\/1\/?p=71306"},"modified":"2018-11-07T11:23:17","modified_gmt":"2018-11-07T14:23:17","slug":"senado-marca-para-hoje-votacao-de-reajuste-salarial-dos-ministros-do-stf-bolsonaro-ve-medida-com-preocupacao","status":"publish","type":"post","link":"https:\/\/www.caririemacao.com\/1\/2018\/11\/07\/senado-marca-para-hoje-votacao-de-reajuste-salarial-dos-ministros-do-stf-bolsonaro-ve-medida-com-preocupacao\/","title":{"rendered":"Senado marca para hoje vota\u00e7\u00e3o de reajuste salarial dos ministros do STF; Bolsonaro v\u00ea medida com preocupa\u00e7\u00e3o"},"content":{"rendered":"<p>O Senado pode votar hoje (7) o projeto de lei que aumenta o sal\u00e1rio dos ministros do Supremo Tribunal Federal (STF) e para o procurador-geral da Rep\u00fablica de R$ 33 mil para R$ 39 mil. Ontem (ter\u00e7a, 6), o presidente do Senado, Eun\u00edcio Oliveira (MDB-CE), colocou em vota\u00e7\u00e3o o requerimento para incluir a mat\u00e9ria na pauta de hoje.<\/p>\n<p>O presidente eleito Jair Bolsonaro disse hoje em Bras\u00edlia, na sa\u00edda de um encontro com o comandante das For\u00e7as A\u00e9reas Brasileiras, que &#8220;v\u00ea com preocupa\u00e7\u00e3o&#8221; a aprova\u00e7\u00e3o da proposta para as contas p\u00fablicas e que &#8220;n\u00e3o \u00e9 o momento&#8221;. O sal\u00e1rio dos ministros do Supremo \u00e9 o teto do funcionalismo p\u00fablico.<\/p>\n<p>&#8220;Acho que estamos numa que fase todo mundo tem ou ningu\u00e9m tem. Sabemos que o Judici\u00e1rio \u00e9 o mais bem aquinhoado entre os poderes. A gente v\u00ea com preocupa\u00e7\u00e3o&#8221; disse Bolsonaro. A mat\u00e9ria foi aprovada pela C\u00e2mara dos Deputados em 2016 e estava na Comiss\u00e3o de Assuntos Econ\u00f4micos (CAE) do Senado.<\/p>\n<div class=\"bs-irp left bs-irp-text-2\">\n<div class=\"bs-pagination-wrapper main-term-none none \">\n<div class=\"listing listing-text listing-text-2 clearfix columns-1\">\n<div class=\"post-364241 type-post format-standard has-post-thumbnail   listing-item listing-item-text listing-item-text-2 main-term-29658\">\n<div class=\"item-inner\">\n<div class=\"post-meta\">Se aprovado, o projeto deve produzir efeito cascata para o aumento dos sal\u00e1rios de v\u00e1rias categorias, nas demais esferas do Judici\u00e1rio. Tamb\u00e9m dever\u00e1 ser usado como refer\u00eancia para a fixa\u00e7\u00e3o dos vencimentos da pr\u00f3xima legislatura no Congresso. O relator da proposta, senador Ricardo Ferra\u00e7o (MDB-ES), criticou a decis\u00e3o de Eun\u00edcio e reclamou que n\u00e3o foi consultado sobre o assunto.<\/div>\n<div style=\"text-align: right;\"><em><strong>Congresso em Foco\/Foto: Internet\u00a0<\/strong><\/em><\/div>\n<\/div>\n<\/div>\n<\/div>\n<\/div>\n<\/div>\n","protected":false},"excerpt":{"rendered":"<p>O Senado pode votar hoje (7) o projeto de lei que aumenta o sal\u00e1rio dos ministros do Supremo Tribunal Federal (STF) e para o procurador-geral&hellip; <\/p>\n","protected":false},"author":1,"featured_media":38291,"comment_status":"closed","ping_status":"closed","sticky":false,"template":"","format":"standard","meta":{"sfsi_plus_gutenberg_text_before_share":"","sfsi_plus_gutenberg_show_text_before_share":"","sfsi_plus_gutenberg_icon_type":"","sfsi_plus_gutenberg_icon_alignemt":"","sfsi_plus_gutenburg_max_per_row":"","footnotes":""},"categories":[11],"tags":[],"class_list":["post-71306","post","type-post","status-publish","format-standard","has-post-thumbnail","hentry","category-politica"],"_links":{"self":[{"href":"https:\/\/www.caririemacao.com\/1\/wp-json\/wp\/v2\/posts\/71306","targetHints":{"allow":["GET"]}}],"collection":[{"href":"https:\/\/www.caririemacao.com\/1\/wp-json\/wp\/v2\/posts"}],"about":[{"href":"https:\/\/www.caririemacao.com\/1\/wp-json\/wp\/v2\/types\/post"}],"author":[{"embeddable":true,"href":"https:\/\/www.caririemacao.com\/1\/wp-json\/wp\/v2\/users\/1"}],"replies":[{"embeddable":true,"href":"https:\/\/www.caririemacao.com\/1\/wp-json\/wp\/v2\/comments?post=71306"}],"version-history":[{"count":1,"href":"https:\/\/www.caririemacao.com\/1\/wp-json\/wp\/v2\/posts\/71306\/revisions"}],"predecessor-version":[{"id":71307,"href":"https:\/\/www.caririemacao.com\/1\/wp-json\/wp\/v2\/posts\/71306\/revisions\/71307"}],"wp:featuredmedia":[{"embeddable":true,"href":"https:\/\/www.caririemacao.com\/1\/wp-json\/wp\/v2\/media\/38291"}],"wp:attachment":[{"href":"https:\/\/www.caririemacao.com\/1\/wp-json\/wp\/v2\/media?parent=71306"}],"wp:term":[{"taxonomy":"category","embeddable":true,"href":"https:\/\/www.caririemacao.com\/1\/wp-json\/wp\/v2\/categories?post=71306"},{"taxonomy":"post_tag","embeddable":true,"href":"https:\/\/www.caririemacao.com\/1\/wp-json\/wp\/v2\/tags?post=71306"}],"curies":[{"name":"wp","href":"https:\/\/api.w.org\/{rel}","templated":true}]}}