{"id":71308,"date":"2018-11-07T11:26:37","date_gmt":"2018-11-07T14:26:37","guid":{"rendered":"http:\/\/www.caririemacao.com\/1\/?p=71308"},"modified":"2018-11-07T11:26:37","modified_gmt":"2018-11-07T14:26:37","slug":"stf-nega-pedido-da-defesa-para-arquivar-investigacao-sobre-cassio-cunha-lima","status":"publish","type":"post","link":"https:\/\/www.caririemacao.com\/1\/2018\/11\/07\/stf-nega-pedido-da-defesa-para-arquivar-investigacao-sobre-cassio-cunha-lima\/","title":{"rendered":"STF nega pedido da defesa para arquivar investiga\u00e7\u00e3o sobre C\u00e1ssio Cunha Lima"},"content":{"rendered":"<div class=\"mc-column content-text active-extra-styles active-capital-letter\" data-block-type=\"unstyled\" data-block-weight=\"39\" data-block-id=\"2\">\n<p class=\"content-text__container theme-color-primary-first-letter\" data-track-category=\"Link no Texto\" data-track-links=\"\">O Supremo Tribunal Federal (STF) negou nesta ter\u00e7a-feira (6) um pedido da defesa do senador\u00a0C\u00e1ssio Cunha Lima\u00a0(PSDB-PB) para arquivar um inqu\u00e9rito no qual o parlamentar tucano \u00e9 alvo por suposta pr\u00e1tica de crime contra a ordem tribut\u00e1ria.<\/p>\n<\/div>\n<div class=\"wall protected-content\">\n<div class=\"mc-column content-text active-extra-styles \" data-block-type=\"unstyled\" data-block-weight=\"28\" data-block-id=\"3\">\n<p class=\"content-text__container \" data-track-category=\"Link no Texto\" data-track-links=\"\">O inqu\u00e9rito foi aberto em 2010 a partir de um relat\u00f3rio do Conselho de Controle de Atividades Financeiras (Coaf) que apontava movimenta\u00e7\u00f5es financeiras suspeitas envolvendo o senador paraibano.<\/p>\n<\/div>\n<div class=\"mc-column content-text active-extra-styles \" data-block-type=\"unstyled\" data-block-weight=\"54\" data-block-id=\"4\">\n<p class=\"content-text__container \" data-track-category=\"Link no Texto\" data-track-links=\"\">Neste ano, a relatora do caso no STF, ministra Rosa Weber, encaminhou a investiga\u00e7\u00e3o para a primeira inst\u00e2ncia da Justi\u00e7a na Para\u00edba porque as suspeitas ocorreram antes de Cunha Lima assumir o mandato de senador. Como foi derrotado em outubro na tentativa de reelei\u00e7\u00e3o, o tucano perder\u00e1 o foro privilegiado a partir de fevereiro.<\/p>\n<\/div>\n<div class=\"mc-column content-text active-extra-styles \" data-block-type=\"unstyled\" data-block-weight=\"36\" data-block-id=\"5\">\n<p class=\"content-text__container \" data-track-category=\"Link no Texto\" data-track-links=\"\">A defesa do senador paraibano, no entanto, recorreu da decis\u00e3o para pedir o arquivamento do caso sob a alega\u00e7\u00e3o de que, passados quase nove anos da investiga\u00e7\u00e3o, ainda n\u00e3o teriam sido colhidas provas contra Cunha Lima.<\/p>\n<\/div>\n<div class=\"mc-column content-text active-extra-styles \" data-block-type=\"unstyled\" data-block-weight=\"61\" data-block-id=\"6\">\n<p class=\"content-text__container \" data-track-category=\"Link no Texto\" data-track-links=\"\">A maioria dos ministros da Segunda Turma ponderou que o Minist\u00e9rio P\u00fablico, que conduz a apura\u00e7\u00e3o, aguarda uma per\u00edcia sobre registro de transa\u00e7\u00f5es banc\u00e1rias, obtida por meio de quebra do sigilo. Por isso, os magistrados decidiram manter a decis\u00e3o de Rosa Weber que havia enviado o caso \u00e0 primeira inst\u00e2ncia. Caber\u00e1 ao juiz da Paraba\u00edba analisar se a investiga\u00e7\u00e3o deve continuar.<\/p>\n<\/div>\n<div class=\"mc-column content-text active-extra-styles \" data-block-type=\"unstyled\" data-block-weight=\"31\" data-block-id=\"7\">\n<p class=\"content-text__container \" data-track-category=\"Link no Texto\" data-track-links=\"\">Votaram contra o arquivamento do inqu\u00e9rito e envio do caso \u00e0 primeira inst\u00e2ncia os ministros Rosa Weber, Lu\u00eds Roberto Barroso e Marco Aur\u00e9lio. Alexandre de Moraes votou a favor do arquivamento.<\/p>\n<\/div>\n<div data-track-category=\"fim do conteudo\" data-track-action=\"ultimo chunk conteudo\" data-track-noninteraction=\"false\" data-track-scroll=\"entrada completa viewport\">\n<div class=\"mc-column content-text active-extra-styles \" data-block-type=\"unstyled\" data-block-weight=\"39\" data-block-id=\"8\">\n<p class=\"content-text__container \" data-track-category=\"Link no Texto\" data-track-links=\"\">Na avalia\u00e7\u00e3o de Moraes, nas \u201cidas e vindas\u201d do inqu\u00e9rito, n\u00e3o foram encontradas provas contra o parlamentar tucano. Para ele, se surgissem, o caso poderia ser reaberto. A maioria dos integrantes da Primeira Turma, entretanto, decidiu manter a investiga\u00e7\u00e3o.<\/p>\n<p class=\"content-text__container \" style=\"text-align: right;\" data-track-category=\"Link no Texto\" data-track-links=\"\"><em><strong>Com G1\/Foto: Internet\u00a0<\/strong><\/em><\/p>\n<\/div>\n<\/div>\n<\/div>\n","protected":false},"excerpt":{"rendered":"<p>O Supremo Tribunal Federal (STF) negou nesta ter\u00e7a-feira (6) um pedido da defesa do senador\u00a0C\u00e1ssio Cunha Lima\u00a0(PSDB-PB) para arquivar um inqu\u00e9rito no qual o parlamentar&hellip; <\/p>\n","protected":false},"author":1,"featured_media":16233,"comment_status":"closed","ping_status":"closed","sticky":false,"template":"","format":"standard","meta":{"sfsi_plus_gutenberg_text_before_share":"","sfsi_plus_gutenberg_show_text_before_share":"","sfsi_plus_gutenberg_icon_type":"","sfsi_plus_gutenberg_icon_alignemt":"","sfsi_plus_gutenburg_max_per_row":"","footnotes":""},"categories":[11],"tags":[],"class_list":["post-71308","post","type-post","status-publish","format-standard","has-post-thumbnail","hentry","category-politica"],"_links":{"self":[{"href":"https:\/\/www.caririemacao.com\/1\/wp-json\/wp\/v2\/posts\/71308","targetHints":{"allow":["GET"]}}],"collection":[{"href":"https:\/\/www.caririemacao.com\/1\/wp-json\/wp\/v2\/posts"}],"about":[{"href":"https:\/\/www.caririemacao.com\/1\/wp-json\/wp\/v2\/types\/post"}],"author":[{"embeddable":true,"href":"https:\/\/www.caririemacao.com\/1\/wp-json\/wp\/v2\/users\/1"}],"replies":[{"embeddable":true,"href":"https:\/\/www.caririemacao.com\/1\/wp-json\/wp\/v2\/comments?post=71308"}],"version-history":[{"count":1,"href":"https:\/\/www.caririemacao.com\/1\/wp-json\/wp\/v2\/posts\/71308\/revisions"}],"predecessor-version":[{"id":71309,"href":"https:\/\/www.caririemacao.com\/1\/wp-json\/wp\/v2\/posts\/71308\/revisions\/71309"}],"wp:featuredmedia":[{"embeddable":true,"href":"https:\/\/www.caririemacao.com\/1\/wp-json\/wp\/v2\/media\/16233"}],"wp:attachment":[{"href":"https:\/\/www.caririemacao.com\/1\/wp-json\/wp\/v2\/media?parent=71308"}],"wp:term":[{"taxonomy":"category","embeddable":true,"href":"https:\/\/www.caririemacao.com\/1\/wp-json\/wp\/v2\/categories?post=71308"},{"taxonomy":"post_tag","embeddable":true,"href":"https:\/\/www.caririemacao.com\/1\/wp-json\/wp\/v2\/tags?post=71308"}],"curies":[{"name":"wp","href":"https:\/\/api.w.org\/{rel}","templated":true}]}}