{"id":71312,"date":"2018-11-07T11:37:57","date_gmt":"2018-11-07T14:37:57","guid":{"rendered":"http:\/\/www.caririemacao.com\/1\/?p=71312"},"modified":"2018-11-07T11:37:57","modified_gmt":"2018-11-07T14:37:57","slug":"forum-de-desenvolvimento-do-cariri-oriental-se-reune-em-gurjao","status":"publish","type":"post","link":"https:\/\/www.caririemacao.com\/1\/2018\/11\/07\/forum-de-desenvolvimento-do-cariri-oriental-se-reune-em-gurjao\/","title":{"rendered":"F\u00f3rum de desenvolvimento do Cariri Oriental se re\u00fane em Gurj\u00e3o"},"content":{"rendered":"<p>Realizou-se \u00a0na manh\u00e3 desta ter\u00e7a-feira (6), mais uma \u00a0reuni\u00e3o do F\u00f3rum de Desenvolvimento Territorial Sustent\u00e1vel do Cariri Oriental \u00a0na cidade do Bode na Rua<\/p>\n<p>O prefeito, Ronaldo Queiroz (PSC),\u00a0 fez uma fala inicial sobre as a\u00e7\u00f5es que a Prefeitura vem desenvolvendo junto ao f\u00f3rum, e destaca a import\u00e2ncia deste espa\u00e7o para as cidades do Cariri.<\/p>\n<p>O evento contou com uma boa participa\u00e7\u00e3o popular e com representantes de institui\u00e7\u00f5es parceiras: Banco do Nordeste, Emepa, CMDRS, Prefeitura de Gurj\u00e3o , associa\u00e7\u00f5es , no evento foram abordados os seguintes assuntos:<\/p>\n<p class=\"m_482134095343202976&quot;MsoNormal&quot;\">Governan\u00e7a na caprinocultura , crit\u00e9rios de uma funda\u00e7\u00e3o , documentos do PROINFs 2012 e 2013 al\u00e9m dos informes e encaminhamentos.<\/p>\n<p class=\"m_482134095343202976&quot;MsoNormal&quot;\">Para o secret\u00e1rio de Desenvolvimento Rural Orlando Junior, o evento foi muito produtivo para desenvolvimento da cidade de Gurj\u00e3o tendo em vista uma cidade que respira Caprinocultura.<\/p>\n<p class=\"m_482134095343202976&quot;MsoNormal&quot;\" style=\"text-align: right;\"><strong><em>Ascom<\/em><\/strong><\/p>\n","protected":false},"excerpt":{"rendered":"<p>Realizou-se \u00a0na manh\u00e3 desta ter\u00e7a-feira (6), mais uma \u00a0reuni\u00e3o do F\u00f3rum de Desenvolvimento Territorial Sustent\u00e1vel do Cariri Oriental \u00a0na cidade do Bode na Rua O&hellip; <\/p>\n","protected":false},"author":1,"featured_media":71313,"comment_status":"closed","ping_status":"closed","sticky":false,"template":"","format":"standard","meta":{"sfsi_plus_gutenberg_text_before_share":"","sfsi_plus_gutenberg_show_text_before_share":"","sfsi_plus_gutenberg_icon_type":"","sfsi_plus_gutenberg_icon_alignemt":"","sfsi_plus_gutenburg_max_per_row":"","footnotes":""},"categories":[6],"tags":[],"class_list":["post-71312","post","type-post","status-publish","format-standard","has-post-thumbnail","hentry","category-cidades"],"_links":{"self":[{"href":"https:\/\/www.caririemacao.com\/1\/wp-json\/wp\/v2\/posts\/71312","targetHints":{"allow":["GET"]}}],"collection":[{"href":"https:\/\/www.caririemacao.com\/1\/wp-json\/wp\/v2\/posts"}],"about":[{"href":"https:\/\/www.caririemacao.com\/1\/wp-json\/wp\/v2\/types\/post"}],"author":[{"embeddable":true,"href":"https:\/\/www.caririemacao.com\/1\/wp-json\/wp\/v2\/users\/1"}],"replies":[{"embeddable":true,"href":"https:\/\/www.caririemacao.com\/1\/wp-json\/wp\/v2\/comments?post=71312"}],"version-history":[{"count":1,"href":"https:\/\/www.caririemacao.com\/1\/wp-json\/wp\/v2\/posts\/71312\/revisions"}],"predecessor-version":[{"id":71314,"href":"https:\/\/www.caririemacao.com\/1\/wp-json\/wp\/v2\/posts\/71312\/revisions\/71314"}],"wp:featuredmedia":[{"embeddable":true,"href":"https:\/\/www.caririemacao.com\/1\/wp-json\/wp\/v2\/media\/71313"}],"wp:attachment":[{"href":"https:\/\/www.caririemacao.com\/1\/wp-json\/wp\/v2\/media?parent=71312"}],"wp:term":[{"taxonomy":"category","embeddable":true,"href":"https:\/\/www.caririemacao.com\/1\/wp-json\/wp\/v2\/categories?post=71312"},{"taxonomy":"post_tag","embeddable":true,"href":"https:\/\/www.caririemacao.com\/1\/wp-json\/wp\/v2\/tags?post=71312"}],"curies":[{"name":"wp","href":"https:\/\/api.w.org\/{rel}","templated":true}]}}