{"id":71319,"date":"2018-11-07T12:48:23","date_gmt":"2018-11-07T15:48:23","guid":{"rendered":"http:\/\/www.caririemacao.com\/1\/?p=71319"},"modified":"2018-11-07T12:48:23","modified_gmt":"2018-11-07T15:48:23","slug":"comunicado-agua-fonte-da-vida-operacao-poseidon","status":"publish","type":"post","link":"https:\/\/www.caririemacao.com\/1\/2018\/11\/07\/comunicado-agua-fonte-da-vida-operacao-poseidon\/","title":{"rendered":"Comunicado \u00c1gua Fonte da Vida \u2018Opera\u00e7\u00e3o Poseidon\u2019"},"content":{"rendered":"<p>A empresa de \u00c1gua Fonte da Vida, localizada no munic\u00edpio de Monteiro no cariri, veio a p\u00fablico atrav\u00e9s de nota esclarecer not\u00edcias vinculadas na tarde desta ter\u00e7a-feira (06) depois da \u2018Opera\u00e7\u00e3o Poseidon\u2019, que foi realizada em munic\u00edpios da Para\u00edba, coordenada pelo Minist\u00e9rio P\u00fablico da Para\u00edba (MPPB) em parceria com a Ag\u00eancia Nacional de Vigil\u00e2ncia Sanit\u00e1ria (Anvisa), Secretaria da Receita Estadual (SER-PB) e Secretaria de Seguran\u00e7a e Defesa Social.<\/p>\n<p><strong>Nota de Esclarecimento:<\/strong><\/p>\n<p>Gilvani Batista de Melo, empres\u00e1rio da \u00c1gua Fonte da Vida por meio deste ato vem a p\u00fablico esclarecer que no dia de hoje sua empresa foi alvo da \u201cOpera\u00e7\u00e3o Poseidon\u201d,\u00a0<strong>onde n\u00e3o fora constatada nenhuma irregularidade quanto o uso dos equipamentos e higieniza\u00e7\u00e3o (n\u00e3o tendo sido em sua empresa encontrado nenhum animal que contaminasse a \u00e1gua), como foi veiculado em alguns portais eletr\u00f4nicos.<\/strong><\/p>\n<p><strong>A \u00e1gua fonte da vida tamb\u00e9m classifica como sendo inver\u00eddica a afirmativa de que o propriet\u00e1rio seja fornecedor de \u00e1gua para hospitais.<\/strong><\/p>\n<p>Insta frisar que o empres\u00e1rio foi conduzido at\u00e9 a Delegacia de Pol\u00edcia e logo em seguida liberado, vez que o \u00fanico motivo para a interdi\u00e7\u00e3o fora porque algumas documenta\u00e7\u00f5es n\u00e3o se encontravam em poder do mesmo, situa\u00e7\u00e3o que est\u00e1 sendo devidamente providenciada e dentro de alguns dias a Fonte da Vida voltar\u00e1 a funcionar com o mesmo controle de qualidade fornecido para os consumidores.<\/p>\n<p><strong>Reafirmamos nosso compromisso em manter a qualidade e higiene em nosso processo de produ\u00e7\u00e3o com um r\u00edgido controle de qualidade.<\/strong><\/p>\n<p>Gilvani Batista de Melo<\/p>\n<p><strong>Confira o Processo de Produ\u00e7\u00e3o da \u00c1gua Fonte da Vida:<\/strong><\/p>\n<div style=\"width: 640px;\" class=\"wp-video\"><video class=\"wp-video-shortcode\" id=\"video-71319-1\" width=\"640\" height=\"352\" preload=\"metadata\" controls=\"controls\"><source type=\"video\/mp4\" src=\"http:\/\/www.caririemacao.com\/1\/wp-content\/uploads\/2018\/11\/AGUA-FONTE-DA-VIDA.mp4?_=1\" \/><a href=\"http:\/\/www.caririemacao.com\/1\/wp-content\/uploads\/2018\/11\/AGUA-FONTE-DA-VIDA.mp4\">http:\/\/www.caririemacao.com\/1\/wp-content\/uploads\/2018\/11\/AGUA-FONTE-DA-VIDA.mp4<\/a><\/video><\/div>\n","protected":false},"excerpt":{"rendered":"<p>A empresa de \u00c1gua Fonte da Vida, localizada no munic\u00edpio de Monteiro no cariri, veio a p\u00fablico atrav\u00e9s de nota esclarecer not\u00edcias vinculadas na tarde&hellip; <\/p>\n","protected":false},"author":1,"featured_media":71324,"comment_status":"closed","ping_status":"closed","sticky":false,"template":"","format":"standard","meta":{"sfsi_plus_gutenberg_text_before_share":"","sfsi_plus_gutenberg_show_text_before_share":"","sfsi_plus_gutenberg_icon_type":"","sfsi_plus_gutenberg_icon_alignemt":"","sfsi_plus_gutenburg_max_per_row":"","footnotes":""},"categories":[2],"tags":[],"class_list":["post-71319","post","type-post","status-publish","format-standard","has-post-thumbnail","hentry","category-geral"],"_links":{"self":[{"href":"https:\/\/www.caririemacao.com\/1\/wp-json\/wp\/v2\/posts\/71319","targetHints":{"allow":["GET"]}}],"collection":[{"href":"https:\/\/www.caririemacao.com\/1\/wp-json\/wp\/v2\/posts"}],"about":[{"href":"https:\/\/www.caririemacao.com\/1\/wp-json\/wp\/v2\/types\/post"}],"author":[{"embeddable":true,"href":"https:\/\/www.caririemacao.com\/1\/wp-json\/wp\/v2\/users\/1"}],"replies":[{"embeddable":true,"href":"https:\/\/www.caririemacao.com\/1\/wp-json\/wp\/v2\/comments?post=71319"}],"version-history":[{"count":1,"href":"https:\/\/www.caririemacao.com\/1\/wp-json\/wp\/v2\/posts\/71319\/revisions"}],"predecessor-version":[{"id":71326,"href":"https:\/\/www.caririemacao.com\/1\/wp-json\/wp\/v2\/posts\/71319\/revisions\/71326"}],"wp:featuredmedia":[{"embeddable":true,"href":"https:\/\/www.caririemacao.com\/1\/wp-json\/wp\/v2\/media\/71324"}],"wp:attachment":[{"href":"https:\/\/www.caririemacao.com\/1\/wp-json\/wp\/v2\/media?parent=71319"}],"wp:term":[{"taxonomy":"category","embeddable":true,"href":"https:\/\/www.caririemacao.com\/1\/wp-json\/wp\/v2\/categories?post=71319"},{"taxonomy":"post_tag","embeddable":true,"href":"https:\/\/www.caririemacao.com\/1\/wp-json\/wp\/v2\/tags?post=71319"}],"curies":[{"name":"wp","href":"https:\/\/api.w.org\/{rel}","templated":true}]}}