{"id":71320,"date":"2018-11-07T11:51:51","date_gmt":"2018-11-07T14:51:51","guid":{"rendered":"http:\/\/www.caririemacao.com\/1\/?p=71320"},"modified":"2018-11-07T11:51:51","modified_gmt":"2018-11-07T14:51:51","slug":"prefeito-eden-busca-recursos-para-sume-em-brasilia","status":"publish","type":"post","link":"https:\/\/www.caririemacao.com\/1\/2018\/11\/07\/prefeito-eden-busca-recursos-para-sume-em-brasilia\/","title":{"rendered":"Prefeito \u00c9den busca recursos para Sum\u00e9 em Bras\u00edlia"},"content":{"rendered":"<p>O prefeito \u00c9den Duarte est\u00e1 em Bras\u00edlia, acompanhado do secret\u00e1rio de Obras, Isca Viana, em busca de recursos e projetos que beneficiem o munic\u00edpio de Sum\u00e9.<\/p>\n<p>\u00c9den se encontrou com o senador eleito, Veneziano Vital do R\u00eago, para tratar sobre a obra de revitaliza\u00e7\u00e3o do Per\u00edmetro Irrigado de Sum\u00e9. Uma luta travada h\u00e1 anos pelo ex prefeito doutor Neto e agora buscada tamb\u00e9m pelo prefeito \u00c9den.<\/p>\n<p>\u00c9den disse que anseia ver de forma efetiva o per\u00edmetro instalado no munic\u00edpio. O projeto b\u00e1sico da obra j\u00e1 havia sido feito com recursos destinados pelo ex senador Vital do Rego, faltando agora recursos para o projeto executivo.<\/p>\n<p>O prefeito entregou os valores atualizados do projeto que s\u00e3o R$ 14 milh\u00f5es para a implanta\u00e7\u00e3o. Veneziano garantiu a \u00c9den que ir\u00e1 lutar para viabilizar a obra do per\u00edmetro.<\/p>\n<p>\u00c9den, na qualidade de secret\u00e1rio do Cisco, esteve com o presidente da Funasa, solicitando o aditivo de prazo para o conv\u00eanio de substitui\u00e7\u00e3o de casas de taipa.<\/p>\n<p>Ele tamb\u00e9m reiterou os pedidos de recursos postulados com o deputado Luiz Couto, que se comprometeu em destinar mais emendas para Sum\u00e9.<\/p>\n<p>Com o senador Raimundo Lira, o prefeito refor\u00e7ou o pedido de emendas solicitadas anteriormente.<\/p>\n<p>O prefeito disse que os munic\u00edpios passam por grandes dificuldades e que o apoio de parlamentares \u00e9 importante para que os prefeitos possam implementar projetos em benef\u00edcio da popula\u00e7\u00e3o.<\/p>\n<p>Ascom PMS<\/p>\n","protected":false},"excerpt":{"rendered":"<p>O prefeito \u00c9den Duarte est\u00e1 em Bras\u00edlia, acompanhado do secret\u00e1rio de Obras, Isca Viana, em busca de recursos e projetos que beneficiem o munic\u00edpio de&hellip; <\/p>\n","protected":false},"author":2,"featured_media":71321,"comment_status":"closed","ping_status":"closed","sticky":false,"template":"","format":"standard","meta":{"sfsi_plus_gutenberg_text_before_share":"","sfsi_plus_gutenberg_show_text_before_share":"","sfsi_plus_gutenberg_icon_type":"","sfsi_plus_gutenberg_icon_alignemt":"","sfsi_plus_gutenburg_max_per_row":"","footnotes":""},"categories":[11],"tags":[],"class_list":["post-71320","post","type-post","status-publish","format-standard","has-post-thumbnail","hentry","category-politica"],"_links":{"self":[{"href":"https:\/\/www.caririemacao.com\/1\/wp-json\/wp\/v2\/posts\/71320","targetHints":{"allow":["GET"]}}],"collection":[{"href":"https:\/\/www.caririemacao.com\/1\/wp-json\/wp\/v2\/posts"}],"about":[{"href":"https:\/\/www.caririemacao.com\/1\/wp-json\/wp\/v2\/types\/post"}],"author":[{"embeddable":true,"href":"https:\/\/www.caririemacao.com\/1\/wp-json\/wp\/v2\/users\/2"}],"replies":[{"embeddable":true,"href":"https:\/\/www.caririemacao.com\/1\/wp-json\/wp\/v2\/comments?post=71320"}],"version-history":[{"count":1,"href":"https:\/\/www.caririemacao.com\/1\/wp-json\/wp\/v2\/posts\/71320\/revisions"}],"predecessor-version":[{"id":71322,"href":"https:\/\/www.caririemacao.com\/1\/wp-json\/wp\/v2\/posts\/71320\/revisions\/71322"}],"wp:featuredmedia":[{"embeddable":true,"href":"https:\/\/www.caririemacao.com\/1\/wp-json\/wp\/v2\/media\/71321"}],"wp:attachment":[{"href":"https:\/\/www.caririemacao.com\/1\/wp-json\/wp\/v2\/media?parent=71320"}],"wp:term":[{"taxonomy":"category","embeddable":true,"href":"https:\/\/www.caririemacao.com\/1\/wp-json\/wp\/v2\/categories?post=71320"},{"taxonomy":"post_tag","embeddable":true,"href":"https:\/\/www.caririemacao.com\/1\/wp-json\/wp\/v2\/tags?post=71320"}],"curies":[{"name":"wp","href":"https:\/\/api.w.org\/{rel}","templated":true}]}}