{"id":71327,"date":"2018-11-07T13:27:26","date_gmt":"2018-11-07T16:27:26","guid":{"rendered":"http:\/\/www.caririemacao.com\/1\/?p=71327"},"modified":"2018-11-07T13:27:26","modified_gmt":"2018-11-07T16:27:26","slug":"preso-em-soledade-suspeito-de-diversos-crimes-nas-regioes-do-curimatau-e-serido","status":"publish","type":"post","link":"https:\/\/www.caririemacao.com\/1\/2018\/11\/07\/preso-em-soledade-suspeito-de-diversos-crimes-nas-regioes-do-curimatau-e-serido\/","title":{"rendered":"Preso em Soledade suspeito de diversos crimes nas regi\u00f5es do Curimata\u00fa e Serid\u00f3"},"content":{"rendered":"<p>A guarni\u00e7\u00e3o da Pol\u00edcia Militar (PM) local, comandada pelo 3\u00b0 sargento, Torquato, e composta pelos soldados, Balbino e J Santos, ao fazer rondas no bairro Chico Pereira, zona sul da cidade, nesta ter\u00e7a-feira (6), visualizou dois indiv\u00edduos em atitude suspeita.<\/p>\n<p>Quando da aproxima\u00e7\u00e3o da guarni\u00e7\u00e3o aos mesmos ambos imprimiram fuga e sa\u00edram entrando dentro das casas de alguns populares, na tentativa de fugir dos policiais.<\/p>\n<p>Ato cont\u00ednuo, os policiais abordaram Jos\u00e9 \u00a0Lourildo Genu\u00edno da Silva, vulgo Louro que, a princ\u00edpio, identificou-se como sendo Jos\u00e9 Expedito Genu\u00edno da Silva,seu \u00a0irm\u00e3o.<\/p>\n<p>O outro indiv\u00edduo conseguiu fugir pulando os muros de varias resid\u00eancias.<\/p>\n<p>Foi realizada uma busca pessoal no Louro e encontrado com ele uma muni\u00e7\u00e3o de rev\u00f3lver calibre .357 Magnum, um celular da marca Samsung e R$ 210.<\/p>\n<p>Contra ele, havia um mandado de pris\u00e3o da Comarca de Picu\u00ed.<\/p>\n<p>Louro recebeu voz de pris\u00e3o e foi conduzido at\u00e9 a Delegacia de Pol\u00edcia Civil (PC) de Esperan\u00e7a, para que fosse adotado o que rege a legisla\u00e7\u00e3o vigente.<\/p>\n<p>Ele \u00e9 apontado, segundo as autoridades policiais, como autor e mandante de v\u00e1rios crimes na regi\u00e3o de Soledade, Olivedos, Cubati, S\u00e3o Vicente do Serid\u00f3 e Pedra Lacrada.<\/p>\n<p style=\"text-align: right;\"><em><b>Heleno Lima\/Foto: Reprodu\u00e7\u00e3o\u00a0\u00a0<\/b><\/em><\/p>\n","protected":false},"excerpt":{"rendered":"<p>A guarni\u00e7\u00e3o da Pol\u00edcia Militar (PM) local, comandada pelo 3\u00b0 sargento, Torquato, e composta pelos soldados, Balbino e J Santos, ao fazer rondas no bairro&hellip; <\/p>\n","protected":false},"author":1,"featured_media":71340,"comment_status":"closed","ping_status":"closed","sticky":false,"template":"","format":"standard","meta":{"sfsi_plus_gutenberg_text_before_share":"","sfsi_plus_gutenberg_show_text_before_share":"","sfsi_plus_gutenberg_icon_type":"","sfsi_plus_gutenberg_icon_alignemt":"","sfsi_plus_gutenburg_max_per_row":"","footnotes":""},"categories":[12],"tags":[],"class_list":["post-71327","post","type-post","status-publish","format-standard","has-post-thumbnail","hentry","category-policia"],"_links":{"self":[{"href":"https:\/\/www.caririemacao.com\/1\/wp-json\/wp\/v2\/posts\/71327","targetHints":{"allow":["GET"]}}],"collection":[{"href":"https:\/\/www.caririemacao.com\/1\/wp-json\/wp\/v2\/posts"}],"about":[{"href":"https:\/\/www.caririemacao.com\/1\/wp-json\/wp\/v2\/types\/post"}],"author":[{"embeddable":true,"href":"https:\/\/www.caririemacao.com\/1\/wp-json\/wp\/v2\/users\/1"}],"replies":[{"embeddable":true,"href":"https:\/\/www.caririemacao.com\/1\/wp-json\/wp\/v2\/comments?post=71327"}],"version-history":[{"count":1,"href":"https:\/\/www.caririemacao.com\/1\/wp-json\/wp\/v2\/posts\/71327\/revisions"}],"predecessor-version":[{"id":71342,"href":"https:\/\/www.caririemacao.com\/1\/wp-json\/wp\/v2\/posts\/71327\/revisions\/71342"}],"wp:featuredmedia":[{"embeddable":true,"href":"https:\/\/www.caririemacao.com\/1\/wp-json\/wp\/v2\/media\/71340"}],"wp:attachment":[{"href":"https:\/\/www.caririemacao.com\/1\/wp-json\/wp\/v2\/media?parent=71327"}],"wp:term":[{"taxonomy":"category","embeddable":true,"href":"https:\/\/www.caririemacao.com\/1\/wp-json\/wp\/v2\/categories?post=71327"},{"taxonomy":"post_tag","embeddable":true,"href":"https:\/\/www.caririemacao.com\/1\/wp-json\/wp\/v2\/tags?post=71327"}],"curies":[{"name":"wp","href":"https:\/\/api.w.org\/{rel}","templated":true}]}}