{"id":71333,"date":"2018-11-07T13:19:44","date_gmt":"2018-11-07T16:19:44","guid":{"rendered":"http:\/\/www.caririemacao.com\/1\/?p=71333"},"modified":"2018-11-07T13:23:15","modified_gmt":"2018-11-07T16:23:15","slug":"falso-personal-trainer-e-conduzido-a-delegacia-apos-ser-flagrado-dando-aula-em-academia","status":"publish","type":"post","link":"https:\/\/www.caririemacao.com\/1\/2018\/11\/07\/falso-personal-trainer-e-conduzido-a-delegacia-apos-ser-flagrado-dando-aula-em-academia\/","title":{"rendered":"Falso personal trainer \u00e9 conduzido \u00e0 delegacia ap\u00f3s ser flagrado dando aula em academia"},"content":{"rendered":"<p>Um falso personal trainer foi conduzido \u00e0 delegacia ap\u00f3s ser flagrado dando aula em uma academia de muscula\u00e7\u00e3o na orla de Jo\u00e3o Pessoa. A fiscaliza\u00e7\u00e3o foi feita pelo Conselho Regional de Educa\u00e7\u00e3o F\u00edsica da 10\u00aa Regi\u00e3o \u2013 Para\u00edba (CREF10-PB), nessa ter\u00e7a-feira (6) e o caso est\u00e1 sendo investigado pela Pol\u00edcia Civil.<\/p>\n<p>Ele estava dando aula na academia, mesmo sem forma\u00e7\u00e3o em Educa\u00e7\u00e3o F\u00edsica e, portanto, sem registro profissional para exercer a atividade. O diretor de orienta\u00e7\u00e3o e fiscaliza\u00e7\u00e3o do CREF10, Bruno Moura, disse que a opera\u00e7\u00e3o contou com o apoio da Pol\u00edcia Militar e foi realizada depois de den\u00fancias serem feitas ao Conselho.<\/p>\n<p>\u201cRecebemos a den\u00fancia e monitoramos o suspeito para que o flagrante acontecesse de maneira planejada\u201d, declarou. O jovem flagrado negou a pr\u00e1tica irregular e revelou que \u00e9 estudante de Educa\u00e7\u00e3o F\u00edsica.<\/p>\n<p>O presidente do Conselho, Francisco Martins da Silva, reiterou a import\u00e2ncia das den\u00fancias sobre o exerc\u00edcio ilegal da atividade e alerta estudantes ou demais pessoas que tentam se passar por profissionais registrados.<\/p>\n<p>\u201cTodos os dias realizamos a\u00e7\u00f5es de fiscaliza\u00e7\u00e3o e as den\u00fancias t\u00eam contribu\u00eddo muito para o bom andamento das opera\u00e7\u00f5es. Aproveitamos para agradecer \u00e0 Pol\u00edcia Militar pelo apoio e aos profissionais registrados, que t\u00eam denunciado, constantemente, as irregularidades\u201d, disse o presidente do CREF10.<\/p>\n<p>&nbsp;<\/p>\n<p>Click PB<\/p>\n","protected":false},"excerpt":{"rendered":"<p>Um falso personal trainer foi conduzido \u00e0 delegacia ap\u00f3s ser flagrado dando aula em uma academia de muscula\u00e7\u00e3o na orla de Jo\u00e3o Pessoa. A fiscaliza\u00e7\u00e3o&hellip; <\/p>\n","protected":false},"author":1,"featured_media":71337,"comment_status":"closed","ping_status":"closed","sticky":false,"template":"","format":"standard","meta":{"sfsi_plus_gutenberg_text_before_share":"","sfsi_plus_gutenberg_show_text_before_share":"","sfsi_plus_gutenberg_icon_type":"","sfsi_plus_gutenberg_icon_alignemt":"","sfsi_plus_gutenburg_max_per_row":"","footnotes":""},"categories":[12],"tags":[],"class_list":["post-71333","post","type-post","status-publish","format-standard","has-post-thumbnail","hentry","category-policia"],"_links":{"self":[{"href":"https:\/\/www.caririemacao.com\/1\/wp-json\/wp\/v2\/posts\/71333","targetHints":{"allow":["GET"]}}],"collection":[{"href":"https:\/\/www.caririemacao.com\/1\/wp-json\/wp\/v2\/posts"}],"about":[{"href":"https:\/\/www.caririemacao.com\/1\/wp-json\/wp\/v2\/types\/post"}],"author":[{"embeddable":true,"href":"https:\/\/www.caririemacao.com\/1\/wp-json\/wp\/v2\/users\/1"}],"replies":[{"embeddable":true,"href":"https:\/\/www.caririemacao.com\/1\/wp-json\/wp\/v2\/comments?post=71333"}],"version-history":[{"count":3,"href":"https:\/\/www.caririemacao.com\/1\/wp-json\/wp\/v2\/posts\/71333\/revisions"}],"predecessor-version":[{"id":71338,"href":"https:\/\/www.caririemacao.com\/1\/wp-json\/wp\/v2\/posts\/71333\/revisions\/71338"}],"wp:featuredmedia":[{"embeddable":true,"href":"https:\/\/www.caririemacao.com\/1\/wp-json\/wp\/v2\/media\/71337"}],"wp:attachment":[{"href":"https:\/\/www.caririemacao.com\/1\/wp-json\/wp\/v2\/media?parent=71333"}],"wp:term":[{"taxonomy":"category","embeddable":true,"href":"https:\/\/www.caririemacao.com\/1\/wp-json\/wp\/v2\/categories?post=71333"},{"taxonomy":"post_tag","embeddable":true,"href":"https:\/\/www.caririemacao.com\/1\/wp-json\/wp\/v2\/tags?post=71333"}],"curies":[{"name":"wp","href":"https:\/\/api.w.org\/{rel}","templated":true}]}}