{"id":71347,"date":"2018-11-07T13:36:52","date_gmt":"2018-11-07T16:36:52","guid":{"rendered":"http:\/\/www.caririemacao.com\/1\/?p=71347"},"modified":"2018-11-07T13:36:52","modified_gmt":"2018-11-07T16:36:52","slug":"ufcg-lanca-edital-de-selecao-para-novos-alunos-da-unidade-de-educacao-infantil","status":"publish","type":"post","link":"https:\/\/www.caririemacao.com\/1\/2018\/11\/07\/ufcg-lanca-edital-de-selecao-para-novos-alunos-da-unidade-de-educacao-infantil\/","title":{"rendered":"UFCG lan\u00e7a edital de sele\u00e7\u00e3o para novos alunos da Unidade de Educa\u00e7\u00e3o Infantil"},"content":{"rendered":"<p>A Universidade Federal de Campina Grande (UFCG), divulgou edital para selecionar novos alunos para a Unidade\u00a0Acad\u00eamica de Educa\u00e7\u00e3o Infantil (UAEI), no campus sede.\u00a0S\u00e3o oferecidas 38 vagas, distribu\u00eddas entre os turnos manh\u00e3 e tarde, para crian\u00e7as de 2 a 5 anos completos at\u00e9 o dia 31 de mar\u00e7o de 2019.\u00a0A sele\u00e7\u00e3o \u00e9 aberta \u00e0 comunidade em geral e feita por meio de sorteio.<\/p>\n<p><strong>Confira o edital\u00a0<\/strong><\/p>\n<p>As inscri\u00e7\u00f5es ser\u00e3o realizadas dos dias 21 a 27 de novembro\u00a0na UAEI, das 8h \u00e0s 11h e das 14h \u00e0s 17h. No ato da inscri\u00e7\u00e3o, ser\u00e1 exigida c\u00f3pia da certid\u00e3o de nascimento da crian\u00e7a, acompanhada do documento original. O sorteio acontecer\u00e1 no dia 6 de dezembro, \u00e0s 14h30, no Audit\u00f3rio da Unidade Acad\u00eamica de Arte e M\u00eddia, localizado ao lado da UAEI.<\/p>\n<p>As matr\u00edculas dos selecionados acontecem de 10 a 12 de dezembro. Ser\u00e3o necess\u00e1rias duas fotos 3&#215;4 e c\u00f3pia do cart\u00e3o de vacina atualizado da crian\u00e7a, al\u00e9m de comprovante de resid\u00eancia em nome dos pais.<\/p>\n<p>Mais informa\u00e7\u00f5es podem ser obtidas pelos telefones 2101.1417 e 2101.1012.<\/p>\n<p>&nbsp;<\/p>\n<p>UFCG<\/p>\n","protected":false},"excerpt":{"rendered":"<p>A Universidade Federal de Campina Grande (UFCG), divulgou edital para selecionar novos alunos para a Unidade\u00a0Acad\u00eamica de Educa\u00e7\u00e3o Infantil (UAEI), no campus sede.\u00a0S\u00e3o oferecidas 38&hellip; <\/p>\n","protected":false},"author":1,"featured_media":42596,"comment_status":"closed","ping_status":"closed","sticky":false,"template":"","format":"standard","meta":{"sfsi_plus_gutenberg_text_before_share":"","sfsi_plus_gutenberg_show_text_before_share":"","sfsi_plus_gutenberg_icon_type":"","sfsi_plus_gutenberg_icon_alignemt":"","sfsi_plus_gutenburg_max_per_row":"","footnotes":""},"categories":[14],"tags":[],"class_list":["post-71347","post","type-post","status-publish","format-standard","has-post-thumbnail","hentry","category-educacao"],"_links":{"self":[{"href":"https:\/\/www.caririemacao.com\/1\/wp-json\/wp\/v2\/posts\/71347","targetHints":{"allow":["GET"]}}],"collection":[{"href":"https:\/\/www.caririemacao.com\/1\/wp-json\/wp\/v2\/posts"}],"about":[{"href":"https:\/\/www.caririemacao.com\/1\/wp-json\/wp\/v2\/types\/post"}],"author":[{"embeddable":true,"href":"https:\/\/www.caririemacao.com\/1\/wp-json\/wp\/v2\/users\/1"}],"replies":[{"embeddable":true,"href":"https:\/\/www.caririemacao.com\/1\/wp-json\/wp\/v2\/comments?post=71347"}],"version-history":[{"count":1,"href":"https:\/\/www.caririemacao.com\/1\/wp-json\/wp\/v2\/posts\/71347\/revisions"}],"predecessor-version":[{"id":71348,"href":"https:\/\/www.caririemacao.com\/1\/wp-json\/wp\/v2\/posts\/71347\/revisions\/71348"}],"wp:featuredmedia":[{"embeddable":true,"href":"https:\/\/www.caririemacao.com\/1\/wp-json\/wp\/v2\/media\/42596"}],"wp:attachment":[{"href":"https:\/\/www.caririemacao.com\/1\/wp-json\/wp\/v2\/media?parent=71347"}],"wp:term":[{"taxonomy":"category","embeddable":true,"href":"https:\/\/www.caririemacao.com\/1\/wp-json\/wp\/v2\/categories?post=71347"},{"taxonomy":"post_tag","embeddable":true,"href":"https:\/\/www.caririemacao.com\/1\/wp-json\/wp\/v2\/tags?post=71347"}],"curies":[{"name":"wp","href":"https:\/\/api.w.org\/{rel}","templated":true}]}}